{"id":976,"date":"2023-02-12T11:36:28","date_gmt":"2023-02-12T09:36:28","guid":{"rendered":"http:\/\/www.sonjasuss-kunstgalerie.de\/?p=976"},"modified":"2023-02-12T11:36:28","modified_gmt":"2023-02-12T09:36:28","slug":"malaika-aus-afrika","status":"publish","type":"post","link":"https:\/\/www.sonjasuss-kunstgalerie.de\/?p=976","title":{"rendered":"Malaika aus Afrika"},"content":{"rendered":"\n<p>Beim St\u00f6bern im Internet bin ich auf eine sehr au\u00dfergew\u00f6hnliche Schaufensterpuppe gesto\u00dfen, an der ich nicht vorbei konnte.<\/p>\n\n\n\n<p>Schnell war mir klar, dass sie das Thema Afrika verk\u00f6rperte und machte mich direkt an die Arbeit.<\/p>\n\n\n\n<p>Das Auff\u00e4deln der Perlen war eine gro\u00dfe Herausforderung, da die Kette \u00fcber 3 m lang werden musste. Das Gesicht wollte ich im kubistischen Stil gestalten und der Rest ist teilweise collagiert und teilweise koloriert.<br><\/p>\n\n\n\nngg_shortcode_0_placeholder\n\n\n\n<p>Ich habe mich f\u00fcr den Namen <strong>Malaika<\/strong> entschieden, da es ein afrikanisches Lied ist, welches mir sehr gut gef\u00e4llt. Der Name an sich stammt aus der arabischen Sprache und bedeutet \u201eEngel\u201c.<\/p>\n","protected":false},"excerpt":{"rendered":"<p>Beim St\u00f6bern im Internet bin ich auf eine sehr au\u00dfergew\u00f6hnliche Schaufensterpuppe gesto\u00dfen, an der ich nicht vorbei konnte. Schnell war mir klar, dass sie das Thema Afrika verk\u00f6rperte und machte mich direkt an die Arbeit. Das Auff\u00e4deln der Perlen war eine gro\u00dfe Herausforderung, da die Kette \u00fcber 3 m lang werden musste. Das Gesicht wollte [&hellip;]<\/p>\n","protected":false},"author":2,"featured_media":0,"comment_status":"open","ping_status":"open","sticky":false,"template":"","format":"standard","meta":{"ngg_post_thumbnail":0,"footnotes":""},"categories":[1],"tags":[],"class_list":["post-976","post","type-post","status-publish","format-standard","hentry","category-allgemein"],"_links":{"self":[{"href":"https:\/\/www.sonjasuss-kunstgalerie.de\/index.php?rest_route=\/wp\/v2\/posts\/976","targetHints":{"allow":["GET"]}}],"collection":[{"href":"https:\/\/www.sonjasuss-kunstgalerie.de\/index.php?rest_route=\/wp\/v2\/posts"}],"about":[{"href":"https:\/\/www.sonjasuss-kunstgalerie.de\/index.php?rest_route=\/wp\/v2\/types\/post"}],"author":[{"embeddable":true,"href":"https:\/\/www.sonjasuss-kunstgalerie.de\/index.php?rest_route=\/wp\/v2\/users\/2"}],"replies":[{"embeddable":true,"href":"https:\/\/www.sonjasuss-kunstgalerie.de\/index.php?rest_route=%2Fwp%2Fv2%2Fcomments&post=976"}],"version-history":[{"count":1,"href":"https:\/\/www.sonjasuss-kunstgalerie.de\/index.php?rest_route=\/wp\/v2\/posts\/976\/revisions"}],"predecessor-version":[{"id":977,"href":"https:\/\/www.sonjasuss-kunstgalerie.de\/index.php?rest_route=\/wp\/v2\/posts\/976\/revisions\/977"}],"wp:attachment":[{"href":"https:\/\/www.sonjasuss-kunstgalerie.de\/index.php?rest_route=%2Fwp%2Fv2%2Fmedia&parent=976"}],"wp:term":[{"taxonomy":"category","embeddable":true,"href":"https:\/\/www.sonjasuss-kunstgalerie.de\/index.php?rest_route=%2Fwp%2Fv2%2Fcategories&post=976"},{"taxonomy":"post_tag","embeddable":true,"href":"https:\/\/www.sonjasuss-kunstgalerie.de\/index.php?rest_route=%2Fwp%2Fv2%2Ftags&post=976"}],"curies":[{"name":"wp","href":"https:\/\/api.w.org\/{rel}","templated":true}]}}