{"id":974,"date":"2023-02-12T11:33:48","date_gmt":"2023-02-12T09:33:48","guid":{"rendered":"http:\/\/www.sonjasuss-kunstgalerie.de\/?p=974"},"modified":"2023-02-12T11:33:48","modified_gmt":"2023-02-12T09:33:48","slug":"iris-und-frida-in-new-york","status":"publish","type":"post","link":"https:\/\/www.sonjasuss-kunstgalerie.de\/?p=974","title":{"rendered":"Iris und Frida in New York"},"content":{"rendered":"\n<p>Endlich ist es soweit! Die lang ersehnte Ausstellung in New York!<\/p>\n\n\n\n<p>Das ARTBOX.PROJECT NEW YORK 2.0 findet vom 17. April &#8211; 26. April 2023 im ikonischen und k\u00fcnstlerischen Hotspot Nolita in New York\/ Manhattan statt!<br><br><\/p>\n\n\n\nngg_shortcode_0_placeholder\n\n\n\n<p>Ich freue mich sehr, dass ich auch dieses Mal wieder dabei sein darf. Nat\u00fcrlich ist meine Iris Apfel &#8211; Puppe, als New Yorkerin schlecht hin, auch dabei. Meine Frida Kahlo-Interpretation darf zum ersten Mal mit einer Ausstellung unterwegs sein. Ob die beiden in physischer Form dabei sein d\u00fcrfen, entscheidet im M\u00e4rz erstmal noch eine Jury.<\/p>\n\n\n\n<p>Sollten sie nicht als physische Teilnehmerinnen auserw\u00e4hlt werden, werde zumindest ich dieses Mal live dabei sein. Dazu erz\u00e4hle ich aber demn\u00e4chst noch etwas mehr.<\/p>\n","protected":false},"excerpt":{"rendered":"<p>Endlich ist es soweit! Die lang ersehnte Ausstellung in New York! Das ARTBOX.PROJECT NEW YORK 2.0 findet vom 17. April &#8211; 26. April 2023 im ikonischen und k\u00fcnstlerischen Hotspot Nolita in New York\/ Manhattan statt! Ich freue mich sehr, dass ich auch dieses Mal wieder dabei sein darf. Nat\u00fcrlich ist meine Iris Apfel &#8211; Puppe, [&hellip;]<\/p>\n","protected":false},"author":2,"featured_media":0,"comment_status":"open","ping_status":"open","sticky":false,"template":"","format":"standard","meta":{"ngg_post_thumbnail":0,"footnotes":""},"categories":[1],"tags":[],"class_list":["post-974","post","type-post","status-publish","format-standard","hentry","category-allgemein"],"_links":{"self":[{"href":"https:\/\/www.sonjasuss-kunstgalerie.de\/index.php?rest_route=\/wp\/v2\/posts\/974","targetHints":{"allow":["GET"]}}],"collection":[{"href":"https:\/\/www.sonjasuss-kunstgalerie.de\/index.php?rest_route=\/wp\/v2\/posts"}],"about":[{"href":"https:\/\/www.sonjasuss-kunstgalerie.de\/index.php?rest_route=\/wp\/v2\/types\/post"}],"author":[{"embeddable":true,"href":"https:\/\/www.sonjasuss-kunstgalerie.de\/index.php?rest_route=\/wp\/v2\/users\/2"}],"replies":[{"embeddable":true,"href":"https:\/\/www.sonjasuss-kunstgalerie.de\/index.php?rest_route=%2Fwp%2Fv2%2Fcomments&post=974"}],"version-history":[{"count":1,"href":"https:\/\/www.sonjasuss-kunstgalerie.de\/index.php?rest_route=\/wp\/v2\/posts\/974\/revisions"}],"predecessor-version":[{"id":975,"href":"https:\/\/www.sonjasuss-kunstgalerie.de\/index.php?rest_route=\/wp\/v2\/posts\/974\/revisions\/975"}],"wp:attachment":[{"href":"https:\/\/www.sonjasuss-kunstgalerie.de\/index.php?rest_route=%2Fwp%2Fv2%2Fmedia&parent=974"}],"wp:term":[{"taxonomy":"category","embeddable":true,"href":"https:\/\/www.sonjasuss-kunstgalerie.de\/index.php?rest_route=%2Fwp%2Fv2%2Fcategories&post=974"},{"taxonomy":"post_tag","embeddable":true,"href":"https:\/\/www.sonjasuss-kunstgalerie.de\/index.php?rest_route=%2Fwp%2Fv2%2Ftags&post=974"}],"curies":[{"name":"wp","href":"https:\/\/api.w.org\/{rel}","templated":true}]}}