{"id":943,"date":"2023-01-30T11:49:09","date_gmt":"2023-01-30T09:49:09","guid":{"rendered":"http:\/\/www.sonjasuss-kunstgalerie.de\/?p=943"},"modified":"2023-01-30T11:49:09","modified_gmt":"2023-01-30T09:49:09","slug":"frida-kahlo-als-puppe","status":"publish","type":"post","link":"https:\/\/www.sonjasuss-kunstgalerie.de\/?p=943","title":{"rendered":"Frida Kahlo als Puppe"},"content":{"rendered":"\n<p>Immer noch an den Schaufensterpuppen h\u00e4ngend, entstand dieses Mal durch eine sehr au\u00dfergew\u00f6hnlichen Schaufensterpuppe eine tolle Idee.&nbsp; Das Ergebnis ist die weltbekannte und beliebte K\u00fcnstlerin Frida Kahlo ( <a href=\"https:\/\/de.m.wikipedia.org\/wiki\/Frida_Kahlo\">https:\/\/de.m.wikipedia.org\/wiki\/Frida_Kahlo<\/a>).<\/p>\n\n\n\n<p>Die M\u00e4ngel dieser Puppe er\u00f6ffneten mir tolle Gestaltungsm\u00f6glichkeiten. Zum Beispiel hatte ihr jemand ein gro\u00dfes Loch in Kopf und R\u00fccken geschnitten. Dadurch entstanden Platz und M\u00f6glichkeit, ihren Kopfschmuck aus Blumen darzustellen und den Torso auf einem St\u00e4nder einer alten Stehlampe zu platzieren.<\/p>\n\n\n\n<p>Die Verbindung von Frida zu dem K\u00fcnstler Salvatore Dali habe ich mit einer typischen Dali &#8211; Uhr in ihrem Nacken zum Ausdruck gebracht. Durch ihre Krankheit und die Verletzungen an der Wirbels\u00e4ule, sa\u00df ihr die Zeit stets im Nacken, da sie wusste, wie es um ihre Gesundheit stand.<\/p>\n\n\n\n<p>Im M\u00e4rz nehme ich mit meiner Frida- Puppe zum ersten Mal in New York City an einer Ausstellung der Artboxprojects Coups teil.<\/p>\n\n\n\nngg_shortcode_0_placeholder\n","protected":false},"excerpt":{"rendered":"<p>Immer noch an den Schaufensterpuppen h\u00e4ngend, entstand dieses Mal durch eine sehr au\u00dfergew\u00f6hnlichen Schaufensterpuppe eine tolle Idee.&nbsp; Das Ergebnis ist die weltbekannte und beliebte K\u00fcnstlerin Frida Kahlo ( https:\/\/de.m.wikipedia.org\/wiki\/Frida_Kahlo). Die M\u00e4ngel dieser Puppe er\u00f6ffneten mir tolle Gestaltungsm\u00f6glichkeiten. Zum Beispiel hatte ihr jemand ein gro\u00dfes Loch in Kopf und R\u00fccken geschnitten. Dadurch entstanden Platz und M\u00f6glichkeit, [&hellip;]<\/p>\n","protected":false},"author":2,"featured_media":0,"comment_status":"open","ping_status":"open","sticky":false,"template":"","format":"standard","meta":{"ngg_post_thumbnail":0,"footnotes":""},"categories":[1],"tags":[],"class_list":["post-943","post","type-post","status-publish","format-standard","hentry","category-allgemein"],"_links":{"self":[{"href":"https:\/\/www.sonjasuss-kunstgalerie.de\/index.php?rest_route=\/wp\/v2\/posts\/943","targetHints":{"allow":["GET"]}}],"collection":[{"href":"https:\/\/www.sonjasuss-kunstgalerie.de\/index.php?rest_route=\/wp\/v2\/posts"}],"about":[{"href":"https:\/\/www.sonjasuss-kunstgalerie.de\/index.php?rest_route=\/wp\/v2\/types\/post"}],"author":[{"embeddable":true,"href":"https:\/\/www.sonjasuss-kunstgalerie.de\/index.php?rest_route=\/wp\/v2\/users\/2"}],"replies":[{"embeddable":true,"href":"https:\/\/www.sonjasuss-kunstgalerie.de\/index.php?rest_route=%2Fwp%2Fv2%2Fcomments&post=943"}],"version-history":[{"count":1,"href":"https:\/\/www.sonjasuss-kunstgalerie.de\/index.php?rest_route=\/wp\/v2\/posts\/943\/revisions"}],"predecessor-version":[{"id":944,"href":"https:\/\/www.sonjasuss-kunstgalerie.de\/index.php?rest_route=\/wp\/v2\/posts\/943\/revisions\/944"}],"wp:attachment":[{"href":"https:\/\/www.sonjasuss-kunstgalerie.de\/index.php?rest_route=%2Fwp%2Fv2%2Fmedia&parent=943"}],"wp:term":[{"taxonomy":"category","embeddable":true,"href":"https:\/\/www.sonjasuss-kunstgalerie.de\/index.php?rest_route=%2Fwp%2Fv2%2Fcategories&post=943"},{"taxonomy":"post_tag","embeddable":true,"href":"https:\/\/www.sonjasuss-kunstgalerie.de\/index.php?rest_route=%2Fwp%2Fv2%2Ftags&post=943"}],"curies":[{"name":"wp","href":"https:\/\/api.w.org\/{rel}","templated":true}]}}