{"id":870,"date":"2022-07-26T12:14:37","date_gmt":"2022-07-26T10:14:37","guid":{"rendered":"http:\/\/www.sonjasuss-kunstgalerie.de\/?p=870"},"modified":"2022-07-26T12:14:37","modified_gmt":"2022-07-26T10:14:37","slug":"52-internationaler-jugendwettbewerb","status":"publish","type":"post","link":"https:\/\/www.sonjasuss-kunstgalerie.de\/?p=870","title":{"rendered":"52. Internationaler Jugendwettbewerb"},"content":{"rendered":"\n<p>Seit diesem Jahr geh\u00f6re ich als K\u00fcnstlerin und Grundschullehrerin f\u00fcr Kunst, zum Jurorenteam f\u00fcr die internationalen Jugendwettbewerbe (<a href=\"https:\/\/www.jugendcreativ.de\/Aktueller-Wettbewerb\/Wettbewerbsthema\">https:\/\/www.jugendcreativ.de\/Aktueller-Wettbewerb\/Wettbewerbsthema<\/a>).<\/p>\n\n\n\n<p>In Zusammenarbeit mit der VR Bank Westth\u00fcringen durfte ich in diesem Jahr zum Ersten Mal Arbeiten zum Thema \u201eWas ist sch\u00f6n?\u201c bewerten.<\/p>\n\n\n\n<p>\u201e In der 52. Runde des Internationalen Jugendwettbewerbs \u201ejugend creativ\u201c werden Kinder und Jugendliche dazu aufgerufen, sich in Bildern und Kurzfilmen kreativ mit dem eigenen \u00e4sthetischen Empfinden zu besch\u00e4ftigen, eigene Sichtweisen zu entwickeln aber auch den Sch\u00f6nheitskult auch kritisch zu hinterfragen.\u201c<\/p>\n\n\n\n<p>Ich bin sehr gespannt auf das Thema im n\u00e4chsten Jahr und freue mich auf die Bewertungen der kleinen K\u00fcnstler aus dem Unstrut Hainich Kreis.<\/p>\n\n\n\nngg_shortcode_0_placeholder\n","protected":false},"excerpt":{"rendered":"<p>Seit diesem Jahr geh\u00f6re ich als K\u00fcnstlerin und Grundschullehrerin f\u00fcr Kunst, zum Jurorenteam f\u00fcr die internationalen Jugendwettbewerbe (https:\/\/www.jugendcreativ.de\/Aktueller-Wettbewerb\/Wettbewerbsthema). In Zusammenarbeit mit der VR Bank Westth\u00fcringen durfte ich in diesem Jahr zum Ersten Mal Arbeiten zum Thema \u201eWas ist sch\u00f6n?\u201c bewerten. \u201e In der 52. Runde des Internationalen Jugendwettbewerbs \u201ejugend creativ\u201c werden Kinder und Jugendliche dazu [&hellip;]<\/p>\n","protected":false},"author":2,"featured_media":0,"comment_status":"open","ping_status":"open","sticky":false,"template":"","format":"standard","meta":{"ngg_post_thumbnail":0,"footnotes":""},"categories":[1],"tags":[],"class_list":["post-870","post","type-post","status-publish","format-standard","hentry","category-allgemein"],"_links":{"self":[{"href":"https:\/\/www.sonjasuss-kunstgalerie.de\/index.php?rest_route=\/wp\/v2\/posts\/870","targetHints":{"allow":["GET"]}}],"collection":[{"href":"https:\/\/www.sonjasuss-kunstgalerie.de\/index.php?rest_route=\/wp\/v2\/posts"}],"about":[{"href":"https:\/\/www.sonjasuss-kunstgalerie.de\/index.php?rest_route=\/wp\/v2\/types\/post"}],"author":[{"embeddable":true,"href":"https:\/\/www.sonjasuss-kunstgalerie.de\/index.php?rest_route=\/wp\/v2\/users\/2"}],"replies":[{"embeddable":true,"href":"https:\/\/www.sonjasuss-kunstgalerie.de\/index.php?rest_route=%2Fwp%2Fv2%2Fcomments&post=870"}],"version-history":[{"count":1,"href":"https:\/\/www.sonjasuss-kunstgalerie.de\/index.php?rest_route=\/wp\/v2\/posts\/870\/revisions"}],"predecessor-version":[{"id":871,"href":"https:\/\/www.sonjasuss-kunstgalerie.de\/index.php?rest_route=\/wp\/v2\/posts\/870\/revisions\/871"}],"wp:attachment":[{"href":"https:\/\/www.sonjasuss-kunstgalerie.de\/index.php?rest_route=%2Fwp%2Fv2%2Fmedia&parent=870"}],"wp:term":[{"taxonomy":"category","embeddable":true,"href":"https:\/\/www.sonjasuss-kunstgalerie.de\/index.php?rest_route=%2Fwp%2Fv2%2Fcategories&post=870"},{"taxonomy":"post_tag","embeddable":true,"href":"https:\/\/www.sonjasuss-kunstgalerie.de\/index.php?rest_route=%2Fwp%2Fv2%2Ftags&post=870"}],"curies":[{"name":"wp","href":"https:\/\/api.w.org\/{rel}","templated":true}]}}