{"id":858,"date":"2022-05-29T11:08:35","date_gmt":"2022-05-29T09:08:35","guid":{"rendered":"http:\/\/www.sonjasuss-kunstgalerie.de\/?p=858"},"modified":"2022-05-29T11:08:35","modified_gmt":"2022-05-29T09:08:35","slug":"impressionen-aus-venedig","status":"publish","type":"post","link":"https:\/\/www.sonjasuss-kunstgalerie.de\/?p=858","title":{"rendered":"Impressionen aus Venedig"},"content":{"rendered":"\n<p>Leider ist nun auch die Ausstellung in Venedig vorbei, aber abschlie\u00dfend m\u00f6chte ich gerne noch ein paar Eindr\u00fccke pr\u00e4sentieren.<\/p>\n\n\n\n<p>Aus zeitlichen Gr\u00fcnden war es mir nicht m\u00f6glich pers\u00f6nlich vor Ort zu sein, aber das Team der Artbox sendet zum Gl\u00fcck immer flei\u00dfig Fotos, sodass man zumindest das Gef\u00fchl bekommt dabei gewesen zu sein.<\/p>\n\n\n\nngg_shortcode_0_placeholder\n","protected":false},"excerpt":{"rendered":"<p>Leider ist nun auch die Ausstellung in Venedig vorbei, aber abschlie\u00dfend m\u00f6chte ich gerne noch ein paar Eindr\u00fccke pr\u00e4sentieren. Aus zeitlichen Gr\u00fcnden war es mir nicht m\u00f6glich pers\u00f6nlich vor Ort zu sein, aber das Team der Artbox sendet zum Gl\u00fcck immer flei\u00dfig Fotos, sodass man zumindest das Gef\u00fchl bekommt dabei gewesen zu sein.<\/p>\n","protected":false},"author":2,"featured_media":0,"comment_status":"open","ping_status":"open","sticky":false,"template":"","format":"standard","meta":{"ngg_post_thumbnail":0,"footnotes":""},"categories":[1],"tags":[],"class_list":["post-858","post","type-post","status-publish","format-standard","hentry","category-allgemein"],"_links":{"self":[{"href":"https:\/\/www.sonjasuss-kunstgalerie.de\/index.php?rest_route=\/wp\/v2\/posts\/858","targetHints":{"allow":["GET"]}}],"collection":[{"href":"https:\/\/www.sonjasuss-kunstgalerie.de\/index.php?rest_route=\/wp\/v2\/posts"}],"about":[{"href":"https:\/\/www.sonjasuss-kunstgalerie.de\/index.php?rest_route=\/wp\/v2\/types\/post"}],"author":[{"embeddable":true,"href":"https:\/\/www.sonjasuss-kunstgalerie.de\/index.php?rest_route=\/wp\/v2\/users\/2"}],"replies":[{"embeddable":true,"href":"https:\/\/www.sonjasuss-kunstgalerie.de\/index.php?rest_route=%2Fwp%2Fv2%2Fcomments&post=858"}],"version-history":[{"count":1,"href":"https:\/\/www.sonjasuss-kunstgalerie.de\/index.php?rest_route=\/wp\/v2\/posts\/858\/revisions"}],"predecessor-version":[{"id":859,"href":"https:\/\/www.sonjasuss-kunstgalerie.de\/index.php?rest_route=\/wp\/v2\/posts\/858\/revisions\/859"}],"wp:attachment":[{"href":"https:\/\/www.sonjasuss-kunstgalerie.de\/index.php?rest_route=%2Fwp%2Fv2%2Fmedia&parent=858"}],"wp:term":[{"taxonomy":"category","embeddable":true,"href":"https:\/\/www.sonjasuss-kunstgalerie.de\/index.php?rest_route=%2Fwp%2Fv2%2Fcategories&post=858"},{"taxonomy":"post_tag","embeddable":true,"href":"https:\/\/www.sonjasuss-kunstgalerie.de\/index.php?rest_route=%2Fwp%2Fv2%2Ftags&post=858"}],"curies":[{"name":"wp","href":"https:\/\/api.w.org\/{rel}","templated":true}]}}