{"id":843,"date":"2022-04-13T09:17:15","date_gmt":"2022-04-13T07:17:15","guid":{"rendered":"http:\/\/www.sonjasuss-kunstgalerie.de\/?p=843"},"modified":"2022-04-13T09:17:15","modified_gmt":"2022-04-13T07:17:15","slug":"meine-trilogie-ist-beendet","status":"publish","type":"post","link":"https:\/\/www.sonjasuss-kunstgalerie.de\/?p=843","title":{"rendered":"Meine Trilogie ist beendet."},"content":{"rendered":"\n<p>Nachdem ich mit meiner dritten Schaufensterpuppe fertig war, ist nun die Trilogie vollst\u00e4ndig. Das letzte Kunstwerk ist ein wenig anders geworden als die beiden Vorg\u00e4nger. Der Name \u201eMy Catrina \u201e l\u00e4sst bereits ahnen um wen es sich handelt. Nachdem sich ein K\u00e4ufer f\u00fcr mein geliebtes Gem\u00e4lde \u201eLa Catrina \u201e fand und ich bemerkte, wie schwer mir dieser Verkauf fiel, musste ich eine weitere Catrina erschaffen.<\/p>\n\n\n\n<p>Auch sie wird in Venedig an der Biennale Artbox Expo im Mai teilnehmen.<\/p>\n\n\n\nngg_shortcode_0_placeholder\n","protected":false},"excerpt":{"rendered":"<p>Nachdem ich mit meiner dritten Schaufensterpuppe fertig war, ist nun die Trilogie vollst\u00e4ndig. Das letzte Kunstwerk ist ein wenig anders geworden als die beiden Vorg\u00e4nger. Der Name \u201eMy Catrina \u201e l\u00e4sst bereits ahnen um wen es sich handelt. Nachdem sich ein K\u00e4ufer f\u00fcr mein geliebtes Gem\u00e4lde \u201eLa Catrina \u201e fand und ich bemerkte, wie schwer [&hellip;]<\/p>\n","protected":false},"author":2,"featured_media":0,"comment_status":"open","ping_status":"open","sticky":false,"template":"","format":"standard","meta":{"ngg_post_thumbnail":0,"footnotes":""},"categories":[1],"tags":[],"class_list":["post-843","post","type-post","status-publish","format-standard","hentry","category-allgemein"],"_links":{"self":[{"href":"https:\/\/www.sonjasuss-kunstgalerie.de\/index.php?rest_route=\/wp\/v2\/posts\/843","targetHints":{"allow":["GET"]}}],"collection":[{"href":"https:\/\/www.sonjasuss-kunstgalerie.de\/index.php?rest_route=\/wp\/v2\/posts"}],"about":[{"href":"https:\/\/www.sonjasuss-kunstgalerie.de\/index.php?rest_route=\/wp\/v2\/types\/post"}],"author":[{"embeddable":true,"href":"https:\/\/www.sonjasuss-kunstgalerie.de\/index.php?rest_route=\/wp\/v2\/users\/2"}],"replies":[{"embeddable":true,"href":"https:\/\/www.sonjasuss-kunstgalerie.de\/index.php?rest_route=%2Fwp%2Fv2%2Fcomments&post=843"}],"version-history":[{"count":1,"href":"https:\/\/www.sonjasuss-kunstgalerie.de\/index.php?rest_route=\/wp\/v2\/posts\/843\/revisions"}],"predecessor-version":[{"id":845,"href":"https:\/\/www.sonjasuss-kunstgalerie.de\/index.php?rest_route=\/wp\/v2\/posts\/843\/revisions\/845"}],"wp:attachment":[{"href":"https:\/\/www.sonjasuss-kunstgalerie.de\/index.php?rest_route=%2Fwp%2Fv2%2Fmedia&parent=843"}],"wp:term":[{"taxonomy":"category","embeddable":true,"href":"https:\/\/www.sonjasuss-kunstgalerie.de\/index.php?rest_route=%2Fwp%2Fv2%2Fcategories&post=843"},{"taxonomy":"post_tag","embeddable":true,"href":"https:\/\/www.sonjasuss-kunstgalerie.de\/index.php?rest_route=%2Fwp%2Fv2%2Ftags&post=843"}],"curies":[{"name":"wp","href":"https:\/\/api.w.org\/{rel}","templated":true}]}}