{"id":576,"date":"2019-06-11T13:42:13","date_gmt":"2019-06-11T11:42:13","guid":{"rendered":"http:\/\/www.sonjasuss-kunstgalerie.de\/?p=576"},"modified":"2019-06-11T13:42:13","modified_gmt":"2019-06-11T11:42:13","slug":"nach-dem-ursprung","status":"publish","type":"post","link":"https:\/\/www.sonjasuss-kunstgalerie.de\/?p=576","title":{"rendered":"Nach dem Ursprung"},"content":{"rendered":"\n<p>&#8222;Nach dem Ursprung&#8220; lautet der Name meines neuen Bildes. Die Idee dazu hat sich aus verschiedenen Vorschl\u00e4gen von Michael Fiegle entwickelt, welcher somit auch als Namensgeber benannt werden soll. Ich habe mich deshalb f\u00fcr diesen Namen entschieden, weil dieses Mandala eine Interpretation, meiner abstrakten Vorstellung \u00fcber das Aussehen nach dem sogenannten Urknall entspricht.<\/p>\n<p>Ich habe dieses Mandala auf die R\u00fcckseite einer alten Schulkarte gemalt, um ihrem Dasein einen neuen Sinn zu verleihen und sie vor allem vor der Entsorgung zu retten. Weitere Rettungsaktionen sind geplant.<\/p>\n<p>&#8222;Nach dem Ursprung&#8220; lautet der Name meines neuen Bildes. Die Idee dazu hat sich aus verschiedenen Vorschl\u00e4gen von Michael Fiegle entwickelt, welcher somit auch als Namensgeber benannt werden soll. Ich habe mich deshalb f\u00fcr diesen Namen entschieden, weil dieses Mandala eine Interpretation, meiner abstrakten Vorstellung \u00fcber das Aussehen nach dem sogenannten Urknall entspricht.<\/p>\n<p>Ich habe dieses Mandala auf die R\u00fcckseite einer alten Schulkarte gemalt, um ihrem Dasein einen neuen Sinn zu verleihen und sie vor allem vor der Entsorgung zu retten. Weitere Rettungsaktionen sind geplant.<\/p>\nngg_shortcode_0_placeholder\n<p>&nbsp;<\/p>\n","protected":false},"excerpt":{"rendered":"<p>&#8222;Nach dem Ursprung&#8220; lautet der Name meines neuen Bildes. Die Idee dazu hat sich aus verschiedenen Vorschl\u00e4gen von Michael Fiegle entwickelt, welcher somit auch als Namensgeber benannt werden soll. Ich habe mich deshalb f\u00fcr diesen Namen entschieden, weil dieses Mandala eine Interpretation, meiner abstrakten Vorstellung \u00fcber das Aussehen nach dem sogenannten Urknall entspricht. Ich habe [&hellip;]<\/p>\n","protected":false},"author":2,"featured_media":0,"comment_status":"open","ping_status":"open","sticky":false,"template":"","format":"standard","meta":{"ngg_post_thumbnail":0,"footnotes":""},"categories":[1],"tags":[],"class_list":["post-576","post","type-post","status-publish","format-standard","hentry","category-allgemein"],"_links":{"self":[{"href":"https:\/\/www.sonjasuss-kunstgalerie.de\/index.php?rest_route=\/wp\/v2\/posts\/576","targetHints":{"allow":["GET"]}}],"collection":[{"href":"https:\/\/www.sonjasuss-kunstgalerie.de\/index.php?rest_route=\/wp\/v2\/posts"}],"about":[{"href":"https:\/\/www.sonjasuss-kunstgalerie.de\/index.php?rest_route=\/wp\/v2\/types\/post"}],"author":[{"embeddable":true,"href":"https:\/\/www.sonjasuss-kunstgalerie.de\/index.php?rest_route=\/wp\/v2\/users\/2"}],"replies":[{"embeddable":true,"href":"https:\/\/www.sonjasuss-kunstgalerie.de\/index.php?rest_route=%2Fwp%2Fv2%2Fcomments&post=576"}],"version-history":[{"count":2,"href":"https:\/\/www.sonjasuss-kunstgalerie.de\/index.php?rest_route=\/wp\/v2\/posts\/576\/revisions"}],"predecessor-version":[{"id":578,"href":"https:\/\/www.sonjasuss-kunstgalerie.de\/index.php?rest_route=\/wp\/v2\/posts\/576\/revisions\/578"}],"wp:attachment":[{"href":"https:\/\/www.sonjasuss-kunstgalerie.de\/index.php?rest_route=%2Fwp%2Fv2%2Fmedia&parent=576"}],"wp:term":[{"taxonomy":"category","embeddable":true,"href":"https:\/\/www.sonjasuss-kunstgalerie.de\/index.php?rest_route=%2Fwp%2Fv2%2Fcategories&post=576"},{"taxonomy":"post_tag","embeddable":true,"href":"https:\/\/www.sonjasuss-kunstgalerie.de\/index.php?rest_route=%2Fwp%2Fv2%2Ftags&post=576"}],"curies":[{"name":"wp","href":"https:\/\/api.w.org\/{rel}","templated":true}]}}