{"id":561,"date":"2019-04-09T15:09:06","date_gmt":"2019-04-09T13:09:06","guid":{"rendered":"http:\/\/www.sonjasuss-kunstgalerie.de\/?p=561"},"modified":"2019-04-09T15:09:06","modified_gmt":"2019-04-09T13:09:06","slug":"la-catrina","status":"publish","type":"post","link":"https:\/\/www.sonjasuss-kunstgalerie.de\/?p=561","title":{"rendered":"&#8222;La Catrina&#8220;"},"content":{"rendered":"\n<p>La Catrina ist eine mexikanische Figur, die symbolisch f\u00fcr den Tag der Toten steht. Der Kupferstecher Jos\u00e9 Guadalupe Posada hat diese Figur w\u00e4hrend der Revolution erschaffen, um seiner Belustigung \u00fcber die aufstrebende Oberschicht in Mexiko Ausdruck zu verleihen.<\/p>\n<p>&#8222;Catrina&#8220; ist im spanischen Sprachgebrauch ein sarkastisch gemeinter Ausdruck f\u00fcr wohlhabende Menschen. Der Kult um diese Figur hat im Laufe der Zeit eine Eigendynamik entwickelt und sich sp\u00e4ter in der mexikanischen Kultur (speziell im Totenkult) etabliert.<\/p>\n<p>Meine pers\u00f6nliche Interpretation dieser Figur habe ich dieses mal auf eine alte Schulkarte und nicht auf eine Leinwand gemalt. Recycling der anderen Art lautet die Devise.<\/p>\nngg_shortcode_0_placeholder\n","protected":false},"excerpt":{"rendered":"<p>La Catrina ist eine mexikanische Figur, die symbolisch f\u00fcr den Tag der Toten steht. Der Kupferstecher Jos\u00e9 Guadalupe Posada hat diese Figur w\u00e4hrend der Revolution erschaffen, um seiner Belustigung \u00fcber die aufstrebende Oberschicht in Mexiko Ausdruck zu verleihen. &#8222;Catrina&#8220; ist im spanischen Sprachgebrauch ein sarkastisch gemeinter Ausdruck f\u00fcr wohlhabende Menschen. Der Kult um diese Figur [&hellip;]<\/p>\n","protected":false},"author":2,"featured_media":0,"comment_status":"open","ping_status":"open","sticky":false,"template":"","format":"standard","meta":{"ngg_post_thumbnail":0,"footnotes":""},"categories":[1],"tags":[],"class_list":["post-561","post","type-post","status-publish","format-standard","hentry","category-allgemein"],"_links":{"self":[{"href":"https:\/\/www.sonjasuss-kunstgalerie.de\/index.php?rest_route=\/wp\/v2\/posts\/561","targetHints":{"allow":["GET"]}}],"collection":[{"href":"https:\/\/www.sonjasuss-kunstgalerie.de\/index.php?rest_route=\/wp\/v2\/posts"}],"about":[{"href":"https:\/\/www.sonjasuss-kunstgalerie.de\/index.php?rest_route=\/wp\/v2\/types\/post"}],"author":[{"embeddable":true,"href":"https:\/\/www.sonjasuss-kunstgalerie.de\/index.php?rest_route=\/wp\/v2\/users\/2"}],"replies":[{"embeddable":true,"href":"https:\/\/www.sonjasuss-kunstgalerie.de\/index.php?rest_route=%2Fwp%2Fv2%2Fcomments&post=561"}],"version-history":[{"count":2,"href":"https:\/\/www.sonjasuss-kunstgalerie.de\/index.php?rest_route=\/wp\/v2\/posts\/561\/revisions"}],"predecessor-version":[{"id":563,"href":"https:\/\/www.sonjasuss-kunstgalerie.de\/index.php?rest_route=\/wp\/v2\/posts\/561\/revisions\/563"}],"wp:attachment":[{"href":"https:\/\/www.sonjasuss-kunstgalerie.de\/index.php?rest_route=%2Fwp%2Fv2%2Fmedia&parent=561"}],"wp:term":[{"taxonomy":"category","embeddable":true,"href":"https:\/\/www.sonjasuss-kunstgalerie.de\/index.php?rest_route=%2Fwp%2Fv2%2Fcategories&post=561"},{"taxonomy":"post_tag","embeddable":true,"href":"https:\/\/www.sonjasuss-kunstgalerie.de\/index.php?rest_route=%2Fwp%2Fv2%2Ftags&post=561"}],"curies":[{"name":"wp","href":"https:\/\/api.w.org\/{rel}","templated":true}]}}