{"id":496,"date":"2018-08-31T08:52:05","date_gmt":"2018-08-31T06:52:05","guid":{"rendered":"http:\/\/www.sonjasuss-kunstgalerie.de\/?p=496"},"modified":"2018-08-31T08:52:05","modified_gmt":"2018-08-31T06:52:05","slug":"ein-letztes-bild-fuer-mein-projekt-meine-stadt-kommt-mit","status":"publish","type":"post","link":"https:\/\/www.sonjasuss-kunstgalerie.de\/?p=496","title":{"rendered":"Ein letztes Bild f\u00fcr mein Projekt \u201cMeine Stadt kommt mit\u201c"},"content":{"rendered":"<p>Nach nun fast 3 Jahren ist es mein o.g. Projekt beendet.<\/p>\n<p>Das wahrscheinlich letzte Bild, welches ich dazu gestaltet habe, hei\u00dft \u201cIndustriegeschichte\u201c und besch\u00e4ftigt sich nicht nur mit alten Z\u00fcnften von M\u00fchlhausen, sondern auch mit Betrieben w\u00e4hrend der Weltkriegszeiten und in der DDR.<\/p>\n<p>K\u00f6nnt ihr alles erkennen?<\/p>\nngg_shortcode_0_placeholder\n","protected":false},"excerpt":{"rendered":"<p>Nach nun fast 3 Jahren ist es mein o.g. Projekt beendet. Das wahrscheinlich letzte Bild, welches ich dazu gestaltet habe, hei\u00dft \u201cIndustriegeschichte\u201c und besch\u00e4ftigt sich nicht nur mit alten Z\u00fcnften von M\u00fchlhausen, sondern auch mit Betrieben w\u00e4hrend der Weltkriegszeiten und in der DDR. K\u00f6nnt ihr alles erkennen? &#8220; order_by=&#8220;sortorder&#8220; order_direction=&#8220;ASC&#8220; returns=&#8220;included&#8220; maximum_entity_count=&#8220;500&#8243;]<\/p>\n","protected":false},"author":2,"featured_media":0,"comment_status":"open","ping_status":"open","sticky":false,"template":"","format":"standard","meta":{"ngg_post_thumbnail":0,"footnotes":""},"categories":[1,8,12],"tags":[],"class_list":["post-496","post","type-post","status-publish","format-standard","hentry","category-allgemein","category-gemaelde","category-projekte"],"_links":{"self":[{"href":"https:\/\/www.sonjasuss-kunstgalerie.de\/index.php?rest_route=\/wp\/v2\/posts\/496","targetHints":{"allow":["GET"]}}],"collection":[{"href":"https:\/\/www.sonjasuss-kunstgalerie.de\/index.php?rest_route=\/wp\/v2\/posts"}],"about":[{"href":"https:\/\/www.sonjasuss-kunstgalerie.de\/index.php?rest_route=\/wp\/v2\/types\/post"}],"author":[{"embeddable":true,"href":"https:\/\/www.sonjasuss-kunstgalerie.de\/index.php?rest_route=\/wp\/v2\/users\/2"}],"replies":[{"embeddable":true,"href":"https:\/\/www.sonjasuss-kunstgalerie.de\/index.php?rest_route=%2Fwp%2Fv2%2Fcomments&post=496"}],"version-history":[{"count":1,"href":"https:\/\/www.sonjasuss-kunstgalerie.de\/index.php?rest_route=\/wp\/v2\/posts\/496\/revisions"}],"predecessor-version":[{"id":497,"href":"https:\/\/www.sonjasuss-kunstgalerie.de\/index.php?rest_route=\/wp\/v2\/posts\/496\/revisions\/497"}],"wp:attachment":[{"href":"https:\/\/www.sonjasuss-kunstgalerie.de\/index.php?rest_route=%2Fwp%2Fv2%2Fmedia&parent=496"}],"wp:term":[{"taxonomy":"category","embeddable":true,"href":"https:\/\/www.sonjasuss-kunstgalerie.de\/index.php?rest_route=%2Fwp%2Fv2%2Fcategories&post=496"},{"taxonomy":"post_tag","embeddable":true,"href":"https:\/\/www.sonjasuss-kunstgalerie.de\/index.php?rest_route=%2Fwp%2Fv2%2Ftags&post=496"}],"curies":[{"name":"wp","href":"https:\/\/api.w.org\/{rel}","templated":true}]}}