{"id":468,"date":"2018-07-23T10:57:53","date_gmt":"2018-07-23T08:57:53","guid":{"rendered":"http:\/\/www.sonjasuss-kunstgalerie.de\/?p=468"},"modified":"2018-07-23T10:57:53","modified_gmt":"2018-07-23T08:57:53","slug":"kunstmesse-in-coburg-frank-melech","status":"publish","type":"post","link":"https:\/\/www.sonjasuss-kunstgalerie.de\/?p=468","title":{"rendered":"Kunstmesse in Coburg &#8211; Frank Melech"},"content":{"rendered":"<p>Im Juni war ich in Coburg zur inzwischen allj\u00e4hrigen und 3. Kunstmessen \u201cUmschlagplatz\u201c in der Pakethalle am alten G\u00fcterbahnhof.<\/p>\n<p>Hier haben sich rund 60 K\u00fcnstler \u00fcber ein ganzes Wochenende pr\u00e4sentiert. Frank Melech ist ein K\u00fcnstler, dessen Arbeiten mir ganz besonders gefallen haben. Er erstellt Bildcollagen aus verschiedenen Fotos und begn\u00fcgt den Betrachter mit mystischen und zauberhaften Gestalten und Situationen. Auf folgendem Link k\u00f6nnt ihr euch seine Werke anschauen und euch ein eigenes Urteil bilden: <a href=\"http:\/\/www.melech.de\">http:\/\/www.melech.de<\/a><\/p>\n<p>Hier, auf meiner Internetseite, findet ihr unter \u201cLinks\u201c auch noch andere pers\u00f6nliche Vorschl\u00e4ge zu weiteren K\u00fcnstlern aus meinem Freundes &#8211; und bekanntenkreis.<\/p>\nngg_shortcode_0_placeholder\n","protected":false},"excerpt":{"rendered":"<p>Im Juni war ich in Coburg zur inzwischen allj\u00e4hrigen und 3. Kunstmessen \u201cUmschlagplatz\u201c in der Pakethalle am alten G\u00fcterbahnhof. Hier haben sich rund 60 K\u00fcnstler \u00fcber ein ganzes Wochenende pr\u00e4sentiert. Frank Melech ist ein K\u00fcnstler, dessen Arbeiten mir ganz besonders gefallen haben. Er erstellt Bildcollagen aus verschiedenen Fotos und begn\u00fcgt den Betrachter mit mystischen und [&hellip;]<\/p>\n","protected":false},"author":2,"featured_media":0,"comment_status":"open","ping_status":"open","sticky":false,"template":"","format":"standard","meta":{"ngg_post_thumbnail":0,"footnotes":""},"categories":[2,9],"tags":[],"class_list":["post-468","post","type-post","status-publish","format-standard","hentry","category-ausstellungen","category-links"],"_links":{"self":[{"href":"https:\/\/www.sonjasuss-kunstgalerie.de\/index.php?rest_route=\/wp\/v2\/posts\/468","targetHints":{"allow":["GET"]}}],"collection":[{"href":"https:\/\/www.sonjasuss-kunstgalerie.de\/index.php?rest_route=\/wp\/v2\/posts"}],"about":[{"href":"https:\/\/www.sonjasuss-kunstgalerie.de\/index.php?rest_route=\/wp\/v2\/types\/post"}],"author":[{"embeddable":true,"href":"https:\/\/www.sonjasuss-kunstgalerie.de\/index.php?rest_route=\/wp\/v2\/users\/2"}],"replies":[{"embeddable":true,"href":"https:\/\/www.sonjasuss-kunstgalerie.de\/index.php?rest_route=%2Fwp%2Fv2%2Fcomments&post=468"}],"version-history":[{"count":1,"href":"https:\/\/www.sonjasuss-kunstgalerie.de\/index.php?rest_route=\/wp\/v2\/posts\/468\/revisions"}],"predecessor-version":[{"id":469,"href":"https:\/\/www.sonjasuss-kunstgalerie.de\/index.php?rest_route=\/wp\/v2\/posts\/468\/revisions\/469"}],"wp:attachment":[{"href":"https:\/\/www.sonjasuss-kunstgalerie.de\/index.php?rest_route=%2Fwp%2Fv2%2Fmedia&parent=468"}],"wp:term":[{"taxonomy":"category","embeddable":true,"href":"https:\/\/www.sonjasuss-kunstgalerie.de\/index.php?rest_route=%2Fwp%2Fv2%2Fcategories&post=468"},{"taxonomy":"post_tag","embeddable":true,"href":"https:\/\/www.sonjasuss-kunstgalerie.de\/index.php?rest_route=%2Fwp%2Fv2%2Ftags&post=468"}],"curies":[{"name":"wp","href":"https:\/\/api.w.org\/{rel}","templated":true}]}}