{"id":443,"date":"2018-07-16T13:46:47","date_gmt":"2018-07-16T11:46:47","guid":{"rendered":"http:\/\/www.sonjasuss-kunstgalerie.de\/?p=443"},"modified":"2018-07-16T13:46:47","modified_gmt":"2018-07-16T11:46:47","slug":"experimentieren-mit-stringart","status":"publish","type":"post","link":"https:\/\/www.sonjasuss-kunstgalerie.de\/?p=443","title":{"rendered":"Experimentieren mit Stringart"},"content":{"rendered":"<p>In Vorbereitung auf meine Ausstellung zum Thema \u201cM\u00fchlhausen\u201c, habe ich erneut ein Bild mit der M\u00fchlhausen-Silhouette gestaltet. Zum ersten Mal habe ich ein 1,20 m&nbsp; x 60 cm gro\u00dfes Holzbrett als Grundlage verwendet.<\/p>\nngg_shortcode_0_placeholder\n<p>Nach der Bemalung habe ich N\u00e4gel benutzt, um diese der Silhouette entlang einzuschlagen. Zum Schluss wurden die N\u00e4gel mit Garn verbunden. Die Farben des Garns basieren auf denen des Prunkwappens von M\u00fchlhausen. Die Farbwahl der Grafik, geht auf das aktuelle Stadtwappen zur\u00fcck.<\/p>\n","protected":false},"excerpt":{"rendered":"<p>In Vorbereitung auf meine Ausstellung zum Thema \u201cM\u00fchlhausen\u201c, habe ich erneut ein Bild mit der M\u00fchlhausen-Silhouette gestaltet. Zum ersten Mal habe ich ein 1,20 m&nbsp; x 60 cm gro\u00dfes Holzbrett als Grundlage verwendet. &#8220; order_by=&#8220;sortorder&#8220; order_direction=&#8220;ASC&#8220; returns=&#8220;included&#8220; maximum_entity_count=&#8220;500&#8243;] Nach der Bemalung habe ich N\u00e4gel benutzt, um diese der Silhouette entlang einzuschlagen. Zum Schluss wurden die [&hellip;]<\/p>\n","protected":false},"author":2,"featured_media":0,"comment_status":"open","ping_status":"open","sticky":false,"template":"","format":"standard","meta":{"ngg_post_thumbnail":0,"footnotes":""},"categories":[1,8],"tags":[],"class_list":["post-443","post","type-post","status-publish","format-standard","hentry","category-allgemein","category-gemaelde"],"_links":{"self":[{"href":"https:\/\/www.sonjasuss-kunstgalerie.de\/index.php?rest_route=\/wp\/v2\/posts\/443","targetHints":{"allow":["GET"]}}],"collection":[{"href":"https:\/\/www.sonjasuss-kunstgalerie.de\/index.php?rest_route=\/wp\/v2\/posts"}],"about":[{"href":"https:\/\/www.sonjasuss-kunstgalerie.de\/index.php?rest_route=\/wp\/v2\/types\/post"}],"author":[{"embeddable":true,"href":"https:\/\/www.sonjasuss-kunstgalerie.de\/index.php?rest_route=\/wp\/v2\/users\/2"}],"replies":[{"embeddable":true,"href":"https:\/\/www.sonjasuss-kunstgalerie.de\/index.php?rest_route=%2Fwp%2Fv2%2Fcomments&post=443"}],"version-history":[{"count":1,"href":"https:\/\/www.sonjasuss-kunstgalerie.de\/index.php?rest_route=\/wp\/v2\/posts\/443\/revisions"}],"predecessor-version":[{"id":444,"href":"https:\/\/www.sonjasuss-kunstgalerie.de\/index.php?rest_route=\/wp\/v2\/posts\/443\/revisions\/444"}],"wp:attachment":[{"href":"https:\/\/www.sonjasuss-kunstgalerie.de\/index.php?rest_route=%2Fwp%2Fv2%2Fmedia&parent=443"}],"wp:term":[{"taxonomy":"category","embeddable":true,"href":"https:\/\/www.sonjasuss-kunstgalerie.de\/index.php?rest_route=%2Fwp%2Fv2%2Fcategories&post=443"},{"taxonomy":"post_tag","embeddable":true,"href":"https:\/\/www.sonjasuss-kunstgalerie.de\/index.php?rest_route=%2Fwp%2Fv2%2Ftags&post=443"}],"curies":[{"name":"wp","href":"https:\/\/api.w.org\/{rel}","templated":true}]}}