{"id":428,"date":"2018-07-08T21:52:25","date_gmt":"2018-07-08T19:52:25","guid":{"rendered":"http:\/\/www.sonjasuss-kunstgalerie.de\/?p=428"},"modified":"2018-07-08T21:55:02","modified_gmt":"2018-07-08T19:55:02","slug":"muehlhausens-mythen-und-sagen","status":"publish","type":"post","link":"https:\/\/www.sonjasuss-kunstgalerie.de\/?p=428","title":{"rendered":"M\u00fchlhausens Mythen und Sagen"},"content":{"rendered":"<p><span style=\"margin: 0px; font-family: 'Calibri',sans-serif; font-size: 12pt;\"><span style=\"color: #000000;\">Im Zusammenhang mit meinem laufenden Projekt \u201cMeine Stadt kommt mit\u201c, habe ich nun endlich ein weiteres Bild fertig gestellt. Der Inhalt bezieht sich auf alte Mythen und Sagen von M\u00fchlhausen. <\/span><\/span><\/p>\n<p><span style=\"margin: 0px; font-family: 'Calibri',sans-serif; font-size: 12pt;\"><span style=\"color: #000000;\">Hierzu habe ich das Sagenbuch von M\u00fchlhausen als Grundlage genutzt, um mein neues Bild m\u00f6glichst vielseitig zu gestalten. Auch dieses Gem\u00e4lde wird auf Taschen erscheinen und bald erh\u00e4ltlich sein. <\/span><\/span><\/p>\nngg_shortcode_0_placeholder\n<p><!--more--><span style=\"margin: 0px; font-family: 'Calibri',sans-serif; font-size: 11pt;\"><span style=\"color: #000000;\"><span style=\"font-size: 12pt;\">Um mein Projekt zu vollenden, werde ich noch ein letztes Bild zum Thema alte Z\u00fcnfte und Unternehmen gestalten. I<\/span>m kommenden Jahr wird es eine Ausstellung zum Thema M\u00fchlhausen geben, f\u00fcr die ich mich mit ganz verschiedenen M\u00fchlh\u00e4user K\u00fcnstlern zusammenschlie\u00dfen werde. Weitere Infos dazu, folgen sp\u00e4ter.<\/span><\/span><\/p>\n","protected":false},"excerpt":{"rendered":"<p>Im Zusammenhang mit meinem laufenden Projekt \u201cMeine Stadt kommt mit\u201c, habe ich nun endlich ein weiteres Bild fertig gestellt. Der Inhalt bezieht sich auf alte Mythen und Sagen von M\u00fchlhausen. Hierzu habe ich das Sagenbuch von M\u00fchlhausen als Grundlage genutzt, um mein neues Bild m\u00f6glichst vielseitig zu gestalten. Auch dieses Gem\u00e4lde wird auf Taschen erscheinen [&hellip;]<\/p>\n","protected":false},"author":2,"featured_media":0,"comment_status":"open","ping_status":"open","sticky":false,"template":"","format":"standard","meta":{"ngg_post_thumbnail":0,"footnotes":""},"categories":[1,8,12],"tags":[],"class_list":["post-428","post","type-post","status-publish","format-standard","hentry","category-allgemein","category-gemaelde","category-projekte"],"_links":{"self":[{"href":"https:\/\/www.sonjasuss-kunstgalerie.de\/index.php?rest_route=\/wp\/v2\/posts\/428","targetHints":{"allow":["GET"]}}],"collection":[{"href":"https:\/\/www.sonjasuss-kunstgalerie.de\/index.php?rest_route=\/wp\/v2\/posts"}],"about":[{"href":"https:\/\/www.sonjasuss-kunstgalerie.de\/index.php?rest_route=\/wp\/v2\/types\/post"}],"author":[{"embeddable":true,"href":"https:\/\/www.sonjasuss-kunstgalerie.de\/index.php?rest_route=\/wp\/v2\/users\/2"}],"replies":[{"embeddable":true,"href":"https:\/\/www.sonjasuss-kunstgalerie.de\/index.php?rest_route=%2Fwp%2Fv2%2Fcomments&post=428"}],"version-history":[{"count":6,"href":"https:\/\/www.sonjasuss-kunstgalerie.de\/index.php?rest_route=\/wp\/v2\/posts\/428\/revisions"}],"predecessor-version":[{"id":434,"href":"https:\/\/www.sonjasuss-kunstgalerie.de\/index.php?rest_route=\/wp\/v2\/posts\/428\/revisions\/434"}],"wp:attachment":[{"href":"https:\/\/www.sonjasuss-kunstgalerie.de\/index.php?rest_route=%2Fwp%2Fv2%2Fmedia&parent=428"}],"wp:term":[{"taxonomy":"category","embeddable":true,"href":"https:\/\/www.sonjasuss-kunstgalerie.de\/index.php?rest_route=%2Fwp%2Fv2%2Fcategories&post=428"},{"taxonomy":"post_tag","embeddable":true,"href":"https:\/\/www.sonjasuss-kunstgalerie.de\/index.php?rest_route=%2Fwp%2Fv2%2Ftags&post=428"}],"curies":[{"name":"wp","href":"https:\/\/api.w.org\/{rel}","templated":true}]}}