{"id":332,"date":"2014-07-22T17:51:11","date_gmt":"2014-07-22T15:51:11","guid":{"rendered":"http:\/\/www.sonjasuss-kunstgalerie.de\/?p=332"},"modified":"2014-07-22T17:51:11","modified_gmt":"2014-07-22T15:51:11","slug":"meine-ausstellung-frisch-bunt-froehlich-frei","status":"publish","type":"post","link":"https:\/\/www.sonjasuss-kunstgalerie.de\/?p=332","title":{"rendered":"Meine Ausstellung \u201eFrisch! Bunt! Fr\u00f6hlich! Frei!\u201c"},"content":{"rendered":"<p>Am 9.7. 2014 habe ich zum ersten Mal eine Ausstellung in meiner Heimatstadt M\u00fchlhausen organisiert. Die Ausstellungser\u00f6ffnung fand in der Villa Theresa statt. Meine Bilder werden nun auch in den kommenden drei Monaten dort zu sehen sein.<\/p>\nngg_shortcode_0_placeholder\n<p><!--more--><\/p>\n<p>An diesem Abend habe ich neben meinen Bildern noch mein erstes Kinderbuch vorgestellt. \u201eWilma, Hexe Hinkebein\u201c ist ab sofort nur bei mir pers\u00f6nlich erh\u00e4ltlich. Weitere Informationen befinden sich in der Men\u00fcleiste.<\/p>\n<p>Es wurde ein buntes Musikprogramm aufgeboten, wie zum Beispiel brasilianisches Trommeln (Samba Mente), ein kleines Klavierkonzert (Lena Gro\u00dfkurth) oder Obertongesang (Stefan Fydrich).<\/p>\n<p>Der Stadt M\u00fchlhausen ist es ein gro\u00dfes Anliegen die Kunst wieder mehr in den Fokus der Gesellschaft zu r\u00fccken und hat deshalb Ende letzten Jahres zum ersten Mal den \u201eM\u00fchlh\u00e4user Kunstpreis\u201c (an dem auch ich teilnahm) ausgelobt. Dieser fand bei den M\u00fchlh\u00e4usern gro\u00dfen Anklang und wird daher wiederholt.<\/p>\n<p>In Zusammenarbeit mit dem M\u00fchlh\u00e4user Kunsthaus, m\u00f6chte auch ich das Vorhaben unserer Stadt unterst\u00fctzen und die Kunst ein wenig n\u00e4her in die \u00d6ffentlichkeit zu bringen um das Interesse zu wecken. Kunst und Kultur sind die wichtigsten Dinge \u00fcber die sich eine Gesellschaft identifiziert.<\/p>\n<p>Vielen Dank an alle Mitwirkenden, und besonderen Dank an die Fotografen Bettina Ga\u00dfmann und Matthias Ludwig.<\/p>\nngg_shortcode_1_placeholder\n","protected":false},"excerpt":{"rendered":"<p>Am 9.7. 2014 habe ich zum ersten Mal eine Ausstellung in meiner Heimatstadt M\u00fchlhausen organisiert. Die Ausstellungser\u00f6ffnung fand in der Villa Theresa statt. Meine Bilder werden nun auch in den kommenden drei Monaten dort zu sehen sein.<\/p>\n","protected":false},"author":2,"featured_media":0,"comment_status":"open","ping_status":"open","sticky":false,"template":"","format":"standard","meta":{"ngg_post_thumbnail":0,"footnotes":""},"categories":[1],"tags":[],"class_list":["post-332","post","type-post","status-publish","format-standard","hentry","category-allgemein"],"_links":{"self":[{"href":"https:\/\/www.sonjasuss-kunstgalerie.de\/index.php?rest_route=\/wp\/v2\/posts\/332","targetHints":{"allow":["GET"]}}],"collection":[{"href":"https:\/\/www.sonjasuss-kunstgalerie.de\/index.php?rest_route=\/wp\/v2\/posts"}],"about":[{"href":"https:\/\/www.sonjasuss-kunstgalerie.de\/index.php?rest_route=\/wp\/v2\/types\/post"}],"author":[{"embeddable":true,"href":"https:\/\/www.sonjasuss-kunstgalerie.de\/index.php?rest_route=\/wp\/v2\/users\/2"}],"replies":[{"embeddable":true,"href":"https:\/\/www.sonjasuss-kunstgalerie.de\/index.php?rest_route=%2Fwp%2Fv2%2Fcomments&post=332"}],"version-history":[{"count":3,"href":"https:\/\/www.sonjasuss-kunstgalerie.de\/index.php?rest_route=\/wp\/v2\/posts\/332\/revisions"}],"predecessor-version":[{"id":335,"href":"https:\/\/www.sonjasuss-kunstgalerie.de\/index.php?rest_route=\/wp\/v2\/posts\/332\/revisions\/335"}],"wp:attachment":[{"href":"https:\/\/www.sonjasuss-kunstgalerie.de\/index.php?rest_route=%2Fwp%2Fv2%2Fmedia&parent=332"}],"wp:term":[{"taxonomy":"category","embeddable":true,"href":"https:\/\/www.sonjasuss-kunstgalerie.de\/index.php?rest_route=%2Fwp%2Fv2%2Fcategories&post=332"},{"taxonomy":"post_tag","embeddable":true,"href":"https:\/\/www.sonjasuss-kunstgalerie.de\/index.php?rest_route=%2Fwp%2Fv2%2Ftags&post=332"}],"curies":[{"name":"wp","href":"https:\/\/api.w.org\/{rel}","templated":true}]}}