{"id":326,"date":"2014-07-06T13:31:56","date_gmt":"2014-07-06T11:31:56","guid":{"rendered":"http:\/\/www.sonjasuss-kunstgalerie.de\/?p=326"},"modified":"2014-07-06T13:31:56","modified_gmt":"2014-07-06T11:31:56","slug":"paedagogischer-tag-in-wanfried","status":"publish","type":"post","link":"https:\/\/www.sonjasuss-kunstgalerie.de\/?p=326","title":{"rendered":"P\u00e4dagogischer Tag in Wanfried."},"content":{"rendered":"<p>Am 13.6. diesen Jahres, hatten in der Wanfrieder Grundschule einen p\u00e4dagogischen Tag zum Thema \u201eSchulgestaltung\u201c. Dabei habe ich in Zusammenarbeit mit zwei meiner Kolleginnen eine Wand der Schulk\u00fcche gestaltet. Entgegen der \u00fcblichen Motive, welche auf die Thematik Essen hinweisen, haben wir uns f\u00fcr ein eher unkonventionelles Motiv entschieden.<\/p>\n<p>Wir haben keine spezielle Wandfarbe verwendet, sondern handels\u00fcbliche Acrylfarbe. Wichtig bei der Arbeit mit Acrylfarben ist, dass man auf den Faktor \u201eLichtecht\u201c achtet. Ist auf der Farbe keine nicht Lichtechtheit ausgewiesen, so kann es passieren, dass das Gem\u00e4lde verblasst. Die abschlie\u00dfenden Umrandungen haben wir mit wasserfestem Stift gemacht.<\/p>\n<p>Nach sechsst\u00fcndiger Arbeit hatten wir unser Ergebnis und die Sch\u00fcler erfreuen sich inzwischen t\u00e4glich an unserer neuen K\u00fcchenwand.<\/p>\n<p>Aber seht selbst&#8230;<\/p>\nngg_shortcode_0_placeholder\n","protected":false},"excerpt":{"rendered":"<p>Am 13.6. diesen Jahres, hatten in der Wanfrieder Grundschule einen p\u00e4dagogischen Tag zum Thema \u201eSchulgestaltung\u201c. Dabei habe ich in Zusammenarbeit mit zwei meiner Kolleginnen eine Wand der Schulk\u00fcche gestaltet. Entgegen der \u00fcblichen Motive, welche auf die Thematik Essen hinweisen, haben wir uns f\u00fcr ein eher unkonventionelles Motiv entschieden. Wir haben keine spezielle Wandfarbe verwendet, sondern [&hellip;]<\/p>\n","protected":false},"author":2,"featured_media":0,"comment_status":"open","ping_status":"open","sticky":false,"template":"","format":"standard","meta":{"ngg_post_thumbnail":0,"footnotes":""},"categories":[1],"tags":[],"class_list":["post-326","post","type-post","status-publish","format-standard","hentry","category-allgemein"],"_links":{"self":[{"href":"https:\/\/www.sonjasuss-kunstgalerie.de\/index.php?rest_route=\/wp\/v2\/posts\/326","targetHints":{"allow":["GET"]}}],"collection":[{"href":"https:\/\/www.sonjasuss-kunstgalerie.de\/index.php?rest_route=\/wp\/v2\/posts"}],"about":[{"href":"https:\/\/www.sonjasuss-kunstgalerie.de\/index.php?rest_route=\/wp\/v2\/types\/post"}],"author":[{"embeddable":true,"href":"https:\/\/www.sonjasuss-kunstgalerie.de\/index.php?rest_route=\/wp\/v2\/users\/2"}],"replies":[{"embeddable":true,"href":"https:\/\/www.sonjasuss-kunstgalerie.de\/index.php?rest_route=%2Fwp%2Fv2%2Fcomments&post=326"}],"version-history":[{"count":1,"href":"https:\/\/www.sonjasuss-kunstgalerie.de\/index.php?rest_route=\/wp\/v2\/posts\/326\/revisions"}],"predecessor-version":[{"id":327,"href":"https:\/\/www.sonjasuss-kunstgalerie.de\/index.php?rest_route=\/wp\/v2\/posts\/326\/revisions\/327"}],"wp:attachment":[{"href":"https:\/\/www.sonjasuss-kunstgalerie.de\/index.php?rest_route=%2Fwp%2Fv2%2Fmedia&parent=326"}],"wp:term":[{"taxonomy":"category","embeddable":true,"href":"https:\/\/www.sonjasuss-kunstgalerie.de\/index.php?rest_route=%2Fwp%2Fv2%2Fcategories&post=326"},{"taxonomy":"post_tag","embeddable":true,"href":"https:\/\/www.sonjasuss-kunstgalerie.de\/index.php?rest_route=%2Fwp%2Fv2%2Ftags&post=326"}],"curies":[{"name":"wp","href":"https:\/\/api.w.org\/{rel}","templated":true}]}}