{"id":322,"date":"2014-06-13T09:03:42","date_gmt":"2014-06-13T07:03:42","guid":{"rendered":"http:\/\/www.sonjasuss-kunstgalerie.de\/?p=322"},"modified":"2014-06-13T09:03:42","modified_gmt":"2014-06-13T07:03:42","slug":"ausstellungseroeffnung-in-der-villa-theresa","status":"publish","type":"post","link":"https:\/\/www.sonjasuss-kunstgalerie.de\/?p=322","title":{"rendered":"Ausstellungser\u00f6ffnung in der Villa Theresa"},"content":{"rendered":"<p>Das M\u00fchlh\u00e4user Kunsthaus von Mario G\u00f6tting organisiert und begleitet pro Jahr mehrere Ausstellungen von verschiedensten K\u00fcnstlern in der Villa Theresa. Am 9.7. 2014, ab 19\u00a0 Uhr findet die Vernissage der M\u00fchlh\u00e4userin Sonja Suss in der, 1998 mit dem Th\u00fcringer Denkmalschutzpreis ausgezeichneten, Villa Theresa statt. Unter dem Titel \u201e Frisch! Bunt! Fr\u00f6hlich! Frei!\u201c, l\u00e4dt sie zu einem kulturell reich gef\u00fcllten Abend ein. Neben ihrer Acrylmalerei im Pop- Art Style, pr\u00e4sentiert Sonja Suss an diesem Abend zum ersten Mal ihr selbst geschriebenes und eigens illustriertes Kinderbuch.<\/p>\nngg_shortcode_0_placeholder\n<p>Weiterhin wird der Abend durch verschiedene musikalisches Highlights umrahmt. Die brasilianische Sambagruppe \u201eSamba Mente\u201c aus Menteroda wird den Abend zun\u00e4chst einleiten. Weiterhin gibt es einen Einblick in die Kunst des Obertongesangs. Dies ist eine Gesangstechnik die aus dem Klangspektrum der Stimme einzelne Obert\u00f6ne so herausfiltert, dass sie als getrennte T\u00f6ne wahrgenommen werden und der H\u00f6reindruck einer Mehrstimmigkeit entsteht. Au\u00dferdem wird es ein kurzes Klavierkonzert von einer Grundsch\u00fclerin geben.<\/p>\n<p>Die Ausrichtung der Vernissage \u00fcbernimmt an diesem Abend \u201eHartungs Catering- und Partyservice\u201c.<\/p>\n<p>Alle Kunst- und Kulturinteressierten sind zu diesem Abend recht herzlich eingeladen, in der Villa Theresa, am Bahnhofsplatz 1, in M\u00fchlhausen vorbei zu kommen.<\/p>\n<p>Sonja Suss<\/p>\n","protected":false},"excerpt":{"rendered":"<p>Das M\u00fchlh\u00e4user Kunsthaus von Mario G\u00f6tting organisiert und begleitet pro Jahr mehrere Ausstellungen von verschiedensten K\u00fcnstlern in der Villa Theresa. Am 9.7. 2014, ab 19\u00a0 Uhr findet die Vernissage der M\u00fchlh\u00e4userin Sonja Suss in der, 1998 mit dem Th\u00fcringer Denkmalschutzpreis ausgezeichneten, Villa Theresa statt. Unter dem Titel \u201e Frisch! Bunt! Fr\u00f6hlich! Frei!\u201c, l\u00e4dt sie zu [&hellip;]<\/p>\n","protected":false},"author":2,"featured_media":0,"comment_status":"open","ping_status":"open","sticky":false,"template":"","format":"standard","meta":{"ngg_post_thumbnail":0,"footnotes":""},"categories":[1],"tags":[],"class_list":["post-322","post","type-post","status-publish","format-standard","hentry","category-allgemein"],"_links":{"self":[{"href":"https:\/\/www.sonjasuss-kunstgalerie.de\/index.php?rest_route=\/wp\/v2\/posts\/322","targetHints":{"allow":["GET"]}}],"collection":[{"href":"https:\/\/www.sonjasuss-kunstgalerie.de\/index.php?rest_route=\/wp\/v2\/posts"}],"about":[{"href":"https:\/\/www.sonjasuss-kunstgalerie.de\/index.php?rest_route=\/wp\/v2\/types\/post"}],"author":[{"embeddable":true,"href":"https:\/\/www.sonjasuss-kunstgalerie.de\/index.php?rest_route=\/wp\/v2\/users\/2"}],"replies":[{"embeddable":true,"href":"https:\/\/www.sonjasuss-kunstgalerie.de\/index.php?rest_route=%2Fwp%2Fv2%2Fcomments&post=322"}],"version-history":[{"count":2,"href":"https:\/\/www.sonjasuss-kunstgalerie.de\/index.php?rest_route=\/wp\/v2\/posts\/322\/revisions"}],"predecessor-version":[{"id":324,"href":"https:\/\/www.sonjasuss-kunstgalerie.de\/index.php?rest_route=\/wp\/v2\/posts\/322\/revisions\/324"}],"wp:attachment":[{"href":"https:\/\/www.sonjasuss-kunstgalerie.de\/index.php?rest_route=%2Fwp%2Fv2%2Fmedia&parent=322"}],"wp:term":[{"taxonomy":"category","embeddable":true,"href":"https:\/\/www.sonjasuss-kunstgalerie.de\/index.php?rest_route=%2Fwp%2Fv2%2Fcategories&post=322"},{"taxonomy":"post_tag","embeddable":true,"href":"https:\/\/www.sonjasuss-kunstgalerie.de\/index.php?rest_route=%2Fwp%2Fv2%2Ftags&post=322"}],"curies":[{"name":"wp","href":"https:\/\/api.w.org\/{rel}","templated":true}]}}