{"id":234,"date":"2013-12-05T18:37:21","date_gmt":"2013-12-05T16:37:21","guid":{"rendered":"http:\/\/www.sonjasuss-kunstgalerie.de\/?p=234"},"modified":"2013-12-05T18:37:21","modified_gmt":"2013-12-05T16:37:21","slug":"endlich-vorbei","status":"publish","type":"post","link":"https:\/\/www.sonjasuss-kunstgalerie.de\/?p=234","title":{"rendered":"Endlich vorbei !!!"},"content":{"rendered":"<p>Am Dienstag\u00a0ging nun endlich eine lange, nervenaufreibende und spannende Zeit vorbei. Der M\u00fchlh\u00e4user Kunstpreis ist beendet und die Sieger stehen fest. Leider bin ich nicht unter die ersten drei Pl\u00e4tze gekommen, aber ich war dabei und mein Bild wurde immerhin bei der Auktion versteigert. Gekauft hat es der Schirmherr und Initiator des Kunstpreises, Matthias Eggebrecht.<br \/>\nVielen Dank noch einmal an alle, die mich unterst\u00fctzt und begleitet haben.<\/p>\n","protected":false},"excerpt":{"rendered":"<p>Am Dienstag\u00a0ging nun endlich eine lange, nervenaufreibende und spannende Zeit vorbei. Der M\u00fchlh\u00e4user Kunstpreis ist beendet und die Sieger stehen fest. Leider bin ich nicht unter die ersten drei Pl\u00e4tze gekommen, aber ich war dabei und mein Bild wurde immerhin bei der Auktion versteigert. Gekauft hat es der Schirmherr und Initiator des Kunstpreises, Matthias Eggebrecht. [&hellip;]<\/p>\n","protected":false},"author":2,"featured_media":0,"comment_status":"open","ping_status":"open","sticky":false,"template":"","format":"standard","meta":{"ngg_post_thumbnail":0,"footnotes":""},"categories":[1],"tags":[],"class_list":["post-234","post","type-post","status-publish","format-standard","hentry","category-allgemein"],"_links":{"self":[{"href":"https:\/\/www.sonjasuss-kunstgalerie.de\/index.php?rest_route=\/wp\/v2\/posts\/234","targetHints":{"allow":["GET"]}}],"collection":[{"href":"https:\/\/www.sonjasuss-kunstgalerie.de\/index.php?rest_route=\/wp\/v2\/posts"}],"about":[{"href":"https:\/\/www.sonjasuss-kunstgalerie.de\/index.php?rest_route=\/wp\/v2\/types\/post"}],"author":[{"embeddable":true,"href":"https:\/\/www.sonjasuss-kunstgalerie.de\/index.php?rest_route=\/wp\/v2\/users\/2"}],"replies":[{"embeddable":true,"href":"https:\/\/www.sonjasuss-kunstgalerie.de\/index.php?rest_route=%2Fwp%2Fv2%2Fcomments&post=234"}],"version-history":[{"count":1,"href":"https:\/\/www.sonjasuss-kunstgalerie.de\/index.php?rest_route=\/wp\/v2\/posts\/234\/revisions"}],"predecessor-version":[{"id":235,"href":"https:\/\/www.sonjasuss-kunstgalerie.de\/index.php?rest_route=\/wp\/v2\/posts\/234\/revisions\/235"}],"wp:attachment":[{"href":"https:\/\/www.sonjasuss-kunstgalerie.de\/index.php?rest_route=%2Fwp%2Fv2%2Fmedia&parent=234"}],"wp:term":[{"taxonomy":"category","embeddable":true,"href":"https:\/\/www.sonjasuss-kunstgalerie.de\/index.php?rest_route=%2Fwp%2Fv2%2Fcategories&post=234"},{"taxonomy":"post_tag","embeddable":true,"href":"https:\/\/www.sonjasuss-kunstgalerie.de\/index.php?rest_route=%2Fwp%2Fv2%2Ftags&post=234"}],"curies":[{"name":"wp","href":"https:\/\/api.w.org\/{rel}","templated":true}]}}