{"id":229,"date":"2013-11-15T19:15:51","date_gmt":"2013-11-15T17:15:51","guid":{"rendered":"http:\/\/www.sonjasuss-kunstgalerie.de\/?p=229"},"modified":"2013-11-15T19:16:42","modified_gmt":"2013-11-15T17:16:42","slug":"meine-eulen-im-kunstunterricht","status":"publish","type":"post","link":"https:\/\/www.sonjasuss-kunstgalerie.de\/?p=229","title":{"rendered":"Meine Eulen im Kunstunterricht."},"content":{"rendered":"<p>Seit \u00fcber einem Jahr gebe ich nun in Waldkappel an der Grundschule Kunstunterricht. Wer Waldkappel kennt, wei\u00df, dass die Eule dort eine besondere Bedeutung hat (siehe <a title=\"Wiki\" href=\"http:\/\/de.wikivoyage.org\/wiki\/Waldkappel\" target=\"_blank\">http:\/\/de.wikivoyage.org\/wiki\/Waldkappel)<\/a>.<\/p>\n<p>Somit dachte ich mir meine speziellen Patchwork- Eulen in den Kunstunterricht unserer ersten Klassen einzubauen. Ich habe eine Eule aufgemalt und die Kinder haben die verschiedenen Teile mit Buntstiften in unterschiedlichen Mustern gestaltet. Es hat mir und auch den Kindern gro\u00dfen Spa\u00df gemacht zu beobachten wie die Eulchen immer bunter und fr\u00f6hlicher wurden.<\/p>\n<p>Und hier die Ergebnisse&#8230;<\/p>\nngg_shortcode_0_placeholder\n<p>&nbsp;<\/p>\n","protected":false},"excerpt":{"rendered":"<p>Seit \u00fcber einem Jahr gebe ich nun in Waldkappel an der Grundschule Kunstunterricht. Wer Waldkappel kennt, wei\u00df, dass die Eule dort eine besondere Bedeutung hat (siehe http:\/\/de.wikivoyage.org\/wiki\/Waldkappel). Somit dachte ich mir meine speziellen Patchwork- Eulen in den Kunstunterricht unserer ersten Klassen einzubauen. Ich habe eine Eule aufgemalt und die Kinder haben die verschiedenen Teile mit [&hellip;]<\/p>\n","protected":false},"author":2,"featured_media":0,"comment_status":"open","ping_status":"open","sticky":false,"template":"","format":"standard","meta":{"ngg_post_thumbnail":0,"footnotes":""},"categories":[1],"tags":[],"class_list":["post-229","post","type-post","status-publish","format-standard","hentry","category-allgemein"],"_links":{"self":[{"href":"https:\/\/www.sonjasuss-kunstgalerie.de\/index.php?rest_route=\/wp\/v2\/posts\/229","targetHints":{"allow":["GET"]}}],"collection":[{"href":"https:\/\/www.sonjasuss-kunstgalerie.de\/index.php?rest_route=\/wp\/v2\/posts"}],"about":[{"href":"https:\/\/www.sonjasuss-kunstgalerie.de\/index.php?rest_route=\/wp\/v2\/types\/post"}],"author":[{"embeddable":true,"href":"https:\/\/www.sonjasuss-kunstgalerie.de\/index.php?rest_route=\/wp\/v2\/users\/2"}],"replies":[{"embeddable":true,"href":"https:\/\/www.sonjasuss-kunstgalerie.de\/index.php?rest_route=%2Fwp%2Fv2%2Fcomments&post=229"}],"version-history":[{"count":3,"href":"https:\/\/www.sonjasuss-kunstgalerie.de\/index.php?rest_route=\/wp\/v2\/posts\/229\/revisions"}],"predecessor-version":[{"id":232,"href":"https:\/\/www.sonjasuss-kunstgalerie.de\/index.php?rest_route=\/wp\/v2\/posts\/229\/revisions\/232"}],"wp:attachment":[{"href":"https:\/\/www.sonjasuss-kunstgalerie.de\/index.php?rest_route=%2Fwp%2Fv2%2Fmedia&parent=229"}],"wp:term":[{"taxonomy":"category","embeddable":true,"href":"https:\/\/www.sonjasuss-kunstgalerie.de\/index.php?rest_route=%2Fwp%2Fv2%2Fcategories&post=229"},{"taxonomy":"post_tag","embeddable":true,"href":"https:\/\/www.sonjasuss-kunstgalerie.de\/index.php?rest_route=%2Fwp%2Fv2%2Ftags&post=229"}],"curies":[{"name":"wp","href":"https:\/\/api.w.org\/{rel}","templated":true}]}}