{"id":203,"date":"2013-10-09T17:49:05","date_gmt":"2013-10-09T15:49:05","guid":{"rendered":"http:\/\/www.sonjasuss-kunstgalerie.de\/?p=203"},"modified":"2013-10-09T17:49:05","modified_gmt":"2013-10-09T15:49:05","slug":"einladung-zur-vernissage","status":"publish","type":"post","link":"https:\/\/www.sonjasuss-kunstgalerie.de\/?p=203","title":{"rendered":"Einladung zur Vernissage"},"content":{"rendered":"<p>am Mittwoch den 16.10.2013 findet im Zusammenhang mit dem 1. M\u00fchlh\u00e4user Kunstpreis die Ausstellungser\u00f6ffnung statt.<\/p>\n<p>Ab 19:30 Uhr wird es im neugestalteten M\u00fchlh\u00e4user Museum am Lindenb\u00fchl einen Sektempfang geben, zu welchem alle K\u00fcnstler und Kunstinteressierten eingeladen sind.<\/p>\nngg_shortcode_0_placeholder\n<p><!--more--><\/p>\n<p>Als Gastredner werden Herr Thomas T. M\u00fcller (Leiter des Museums), Frau Juliane D\u00f6bel (Jurymitglied) und Herr Matthias Eggebrecht (Schirmherr und Initiator des 1. M\u00fchlh\u00e4user Kunstpreises) erwartet.<\/p>\n<p>Einige der teilnehmenden K\u00fcnstler werden sich zu ihren Werken \u00e4ussern, in dem sie etwas zu ihrer Technik erl\u00e4utern oder Inhaltliches erkl\u00e4ren.<\/p>\n<p>Ich w\u00fcrde mich freuen, einige bekannte Gesichter zu sehen welche mir unterst\u00fctzend zu Seite stehen.<\/p>\n","protected":false},"excerpt":{"rendered":"<p>am Mittwoch den 16.10.2013 findet im Zusammenhang mit dem 1. M\u00fchlh\u00e4user Kunstpreis die Ausstellungser\u00f6ffnung statt. Ab 19:30 Uhr wird es im neugestalteten M\u00fchlh\u00e4user Museum am Lindenb\u00fchl einen Sektempfang geben, zu welchem alle K\u00fcnstler und Kunstinteressierten eingeladen sind.<\/p>\n","protected":false},"author":2,"featured_media":0,"comment_status":"open","ping_status":"open","sticky":false,"template":"","format":"standard","meta":{"ngg_post_thumbnail":0,"footnotes":""},"categories":[2],"tags":[],"class_list":["post-203","post","type-post","status-publish","format-standard","hentry","category-ausstellungen"],"_links":{"self":[{"href":"https:\/\/www.sonjasuss-kunstgalerie.de\/index.php?rest_route=\/wp\/v2\/posts\/203","targetHints":{"allow":["GET"]}}],"collection":[{"href":"https:\/\/www.sonjasuss-kunstgalerie.de\/index.php?rest_route=\/wp\/v2\/posts"}],"about":[{"href":"https:\/\/www.sonjasuss-kunstgalerie.de\/index.php?rest_route=\/wp\/v2\/types\/post"}],"author":[{"embeddable":true,"href":"https:\/\/www.sonjasuss-kunstgalerie.de\/index.php?rest_route=\/wp\/v2\/users\/2"}],"replies":[{"embeddable":true,"href":"https:\/\/www.sonjasuss-kunstgalerie.de\/index.php?rest_route=%2Fwp%2Fv2%2Fcomments&post=203"}],"version-history":[{"count":1,"href":"https:\/\/www.sonjasuss-kunstgalerie.de\/index.php?rest_route=\/wp\/v2\/posts\/203\/revisions"}],"predecessor-version":[{"id":204,"href":"https:\/\/www.sonjasuss-kunstgalerie.de\/index.php?rest_route=\/wp\/v2\/posts\/203\/revisions\/204"}],"wp:attachment":[{"href":"https:\/\/www.sonjasuss-kunstgalerie.de\/index.php?rest_route=%2Fwp%2Fv2%2Fmedia&parent=203"}],"wp:term":[{"taxonomy":"category","embeddable":true,"href":"https:\/\/www.sonjasuss-kunstgalerie.de\/index.php?rest_route=%2Fwp%2Fv2%2Fcategories&post=203"},{"taxonomy":"post_tag","embeddable":true,"href":"https:\/\/www.sonjasuss-kunstgalerie.de\/index.php?rest_route=%2Fwp%2Fv2%2Ftags&post=203"}],"curies":[{"name":"wp","href":"https:\/\/api.w.org\/{rel}","templated":true}]}}