{"id":192,"date":"2013-10-01T17:17:19","date_gmt":"2013-10-01T15:17:19","guid":{"rendered":"http:\/\/www.sonjasuss-kunstgalerie.de\/?p=192"},"modified":"2013-10-01T17:23:32","modified_gmt":"2013-10-01T15:23:32","slug":"fertig","status":"publish","type":"post","link":"https:\/\/www.sonjasuss-kunstgalerie.de\/?p=192","title":{"rendered":"Fertig!!!"},"content":{"rendered":"<p>Das Bild von meiner franz\u00f6sischen Bulldogge &#8222;Wilma&#8220; ist nun fertig. Der Tierportrait-Maler Mario St\u00f6\u00dfel (siehe Links) bekam von mir ein Foto und hat dieses in ein sehr sch\u00f6nes Pastellgem\u00e4lde umgesetzt und ich kann ihn daher mit ruhigen Gewissen weiter empfehlen.<\/p>\nngg_shortcode_0_placeholder\n","protected":false},"excerpt":{"rendered":"<p>Das Bild von meiner franz\u00f6sischen Bulldogge &#8222;Wilma&#8220; ist nun fertig. Der Tierportrait-Maler Mario St\u00f6\u00dfel (siehe Links) bekam von mir ein Foto und hat dieses in ein sehr sch\u00f6nes Pastellgem\u00e4lde umgesetzt und ich kann ihn daher mit ruhigen Gewissen weiter empfehlen.<\/p>\n","protected":false},"author":2,"featured_media":0,"comment_status":"open","ping_status":"open","sticky":false,"template":"","format":"standard","meta":{"ngg_post_thumbnail":0,"footnotes":""},"categories":[1],"tags":[],"class_list":["post-192","post","type-post","status-publish","format-standard","hentry","category-allgemein"],"_links":{"self":[{"href":"https:\/\/www.sonjasuss-kunstgalerie.de\/index.php?rest_route=\/wp\/v2\/posts\/192","targetHints":{"allow":["GET"]}}],"collection":[{"href":"https:\/\/www.sonjasuss-kunstgalerie.de\/index.php?rest_route=\/wp\/v2\/posts"}],"about":[{"href":"https:\/\/www.sonjasuss-kunstgalerie.de\/index.php?rest_route=\/wp\/v2\/types\/post"}],"author":[{"embeddable":true,"href":"https:\/\/www.sonjasuss-kunstgalerie.de\/index.php?rest_route=\/wp\/v2\/users\/2"}],"replies":[{"embeddable":true,"href":"https:\/\/www.sonjasuss-kunstgalerie.de\/index.php?rest_route=%2Fwp%2Fv2%2Fcomments&post=192"}],"version-history":[{"count":3,"href":"https:\/\/www.sonjasuss-kunstgalerie.de\/index.php?rest_route=\/wp\/v2\/posts\/192\/revisions"}],"predecessor-version":[{"id":198,"href":"https:\/\/www.sonjasuss-kunstgalerie.de\/index.php?rest_route=\/wp\/v2\/posts\/192\/revisions\/198"}],"wp:attachment":[{"href":"https:\/\/www.sonjasuss-kunstgalerie.de\/index.php?rest_route=%2Fwp%2Fv2%2Fmedia&parent=192"}],"wp:term":[{"taxonomy":"category","embeddable":true,"href":"https:\/\/www.sonjasuss-kunstgalerie.de\/index.php?rest_route=%2Fwp%2Fv2%2Fcategories&post=192"},{"taxonomy":"post_tag","embeddable":true,"href":"https:\/\/www.sonjasuss-kunstgalerie.de\/index.php?rest_route=%2Fwp%2Fv2%2Ftags&post=192"}],"curies":[{"name":"wp","href":"https:\/\/api.w.org\/{rel}","templated":true}]}}