{"id":188,"date":"2013-09-22T17:08:07","date_gmt":"2013-09-22T15:08:07","guid":{"rendered":"http:\/\/www.sonjasuss-kunstgalerie.de\/?p=188"},"modified":"2013-09-22T17:08:07","modified_gmt":"2013-09-22T15:08:07","slug":"meine-eulen-jetzt-auch-im-kunsthaus","status":"publish","type":"post","link":"https:\/\/www.sonjasuss-kunstgalerie.de\/?p=188","title":{"rendered":"Meine Eulen, jetzt auch im Kunsthaus"},"content":{"rendered":"<p>Meine &#8222;Eulenparade 2.0&#8220; k\u00f6nnt Ihr ab sofort bei Mario G\u00f6tting im Kunsthaus, Felchtaer Str. 19b in M\u00fchlhausen anschauen (&#8230;und auch kaufen \ud83d\ude09 )<\/p>\n<p>So sieht das ganze dann dort aus&#8230;.<\/p>\nngg_shortcode_0_placeholder\n","protected":false},"excerpt":{"rendered":"<p>Meine &#8222;Eulenparade 2.0&#8220; k\u00f6nnt Ihr ab sofort bei Mario G\u00f6tting im Kunsthaus, Felchtaer Str. 19b in M\u00fchlhausen anschauen (&#8230;und auch kaufen \ud83d\ude09 ) So sieht das ganze dann dort aus&#8230;.<\/p>\n","protected":false},"author":2,"featured_media":0,"comment_status":"open","ping_status":"open","sticky":false,"template":"","format":"standard","meta":{"ngg_post_thumbnail":0,"footnotes":""},"categories":[1],"tags":[],"class_list":["post-188","post","type-post","status-publish","format-standard","hentry","category-allgemein"],"_links":{"self":[{"href":"https:\/\/www.sonjasuss-kunstgalerie.de\/index.php?rest_route=\/wp\/v2\/posts\/188","targetHints":{"allow":["GET"]}}],"collection":[{"href":"https:\/\/www.sonjasuss-kunstgalerie.de\/index.php?rest_route=\/wp\/v2\/posts"}],"about":[{"href":"https:\/\/www.sonjasuss-kunstgalerie.de\/index.php?rest_route=\/wp\/v2\/types\/post"}],"author":[{"embeddable":true,"href":"https:\/\/www.sonjasuss-kunstgalerie.de\/index.php?rest_route=\/wp\/v2\/users\/2"}],"replies":[{"embeddable":true,"href":"https:\/\/www.sonjasuss-kunstgalerie.de\/index.php?rest_route=%2Fwp%2Fv2%2Fcomments&post=188"}],"version-history":[{"count":1,"href":"https:\/\/www.sonjasuss-kunstgalerie.de\/index.php?rest_route=\/wp\/v2\/posts\/188\/revisions"}],"predecessor-version":[{"id":189,"href":"https:\/\/www.sonjasuss-kunstgalerie.de\/index.php?rest_route=\/wp\/v2\/posts\/188\/revisions\/189"}],"wp:attachment":[{"href":"https:\/\/www.sonjasuss-kunstgalerie.de\/index.php?rest_route=%2Fwp%2Fv2%2Fmedia&parent=188"}],"wp:term":[{"taxonomy":"category","embeddable":true,"href":"https:\/\/www.sonjasuss-kunstgalerie.de\/index.php?rest_route=%2Fwp%2Fv2%2Fcategories&post=188"},{"taxonomy":"post_tag","embeddable":true,"href":"https:\/\/www.sonjasuss-kunstgalerie.de\/index.php?rest_route=%2Fwp%2Fv2%2Ftags&post=188"}],"curies":[{"name":"wp","href":"https:\/\/api.w.org\/{rel}","templated":true}]}}