{"id":185,"date":"2013-09-22T17:02:35","date_gmt":"2013-09-22T15:02:35","guid":{"rendered":"http:\/\/www.sonjasuss-kunstgalerie.de\/?p=185"},"modified":"2013-09-22T17:02:35","modified_gmt":"2013-09-22T15:02:35","slug":"neue-verlinkung-eingefuegt","status":"publish","type":"post","link":"https:\/\/www.sonjasuss-kunstgalerie.de\/?p=185","title":{"rendered":"Neue Verlinkung eingef\u00fcgt"},"content":{"rendered":"<p>Ich m\u00f6chte euch heute auf einen tollen K\u00fcnstler aufmerksam machen, welchen ich gestern auf dem Bulldoggentreffen hier in M\u00fchlhausen kennengelernt habe, Mario St\u00f6\u00dfel.<\/p>\n<p>Er hat sich auf Tierprotraits spezialisiert und setzt die ihm gegebenen Vorlagen k\u00fcnstlerisch perfekt um. Daher meine Empfehlung&#8230;siehe Links.<\/p>\n","protected":false},"excerpt":{"rendered":"<p>Ich m\u00f6chte euch heute auf einen tollen K\u00fcnstler aufmerksam machen, welchen ich gestern auf dem Bulldoggentreffen hier in M\u00fchlhausen kennengelernt habe, Mario St\u00f6\u00dfel. Er hat sich auf Tierprotraits spezialisiert und setzt die ihm gegebenen Vorlagen k\u00fcnstlerisch perfekt um. Daher meine Empfehlung&#8230;siehe Links.<\/p>\n","protected":false},"author":2,"featured_media":0,"comment_status":"open","ping_status":"open","sticky":false,"template":"","format":"standard","meta":{"ngg_post_thumbnail":0,"footnotes":""},"categories":[9],"tags":[],"class_list":["post-185","post","type-post","status-publish","format-standard","hentry","category-links"],"_links":{"self":[{"href":"https:\/\/www.sonjasuss-kunstgalerie.de\/index.php?rest_route=\/wp\/v2\/posts\/185","targetHints":{"allow":["GET"]}}],"collection":[{"href":"https:\/\/www.sonjasuss-kunstgalerie.de\/index.php?rest_route=\/wp\/v2\/posts"}],"about":[{"href":"https:\/\/www.sonjasuss-kunstgalerie.de\/index.php?rest_route=\/wp\/v2\/types\/post"}],"author":[{"embeddable":true,"href":"https:\/\/www.sonjasuss-kunstgalerie.de\/index.php?rest_route=\/wp\/v2\/users\/2"}],"replies":[{"embeddable":true,"href":"https:\/\/www.sonjasuss-kunstgalerie.de\/index.php?rest_route=%2Fwp%2Fv2%2Fcomments&post=185"}],"version-history":[{"count":1,"href":"https:\/\/www.sonjasuss-kunstgalerie.de\/index.php?rest_route=\/wp\/v2\/posts\/185\/revisions"}],"predecessor-version":[{"id":186,"href":"https:\/\/www.sonjasuss-kunstgalerie.de\/index.php?rest_route=\/wp\/v2\/posts\/185\/revisions\/186"}],"wp:attachment":[{"href":"https:\/\/www.sonjasuss-kunstgalerie.de\/index.php?rest_route=%2Fwp%2Fv2%2Fmedia&parent=185"}],"wp:term":[{"taxonomy":"category","embeddable":true,"href":"https:\/\/www.sonjasuss-kunstgalerie.de\/index.php?rest_route=%2Fwp%2Fv2%2Fcategories&post=185"},{"taxonomy":"post_tag","embeddable":true,"href":"https:\/\/www.sonjasuss-kunstgalerie.de\/index.php?rest_route=%2Fwp%2Fv2%2Ftags&post=185"}],"curies":[{"name":"wp","href":"https:\/\/api.w.org\/{rel}","templated":true}]}}