{"id":174,"date":"2013-09-11T17:18:02","date_gmt":"2013-09-11T15:18:02","guid":{"rendered":"http:\/\/www.sonjasuss-kunstgalerie.de\/?p=174"},"modified":"2013-09-11T17:20:24","modified_gmt":"2013-09-11T15:20:24","slug":"meine-neue-ausstellung-in-muehlhausen","status":"publish","type":"post","link":"https:\/\/www.sonjasuss-kunstgalerie.de\/?p=174","title":{"rendered":"Meine neue Ausstellung in M\u00fchlhausen"},"content":{"rendered":"<p>Ab dem 16.09.2013 er\u00f6ffnet meine neue Ausstellung unter dem Motto &#8222;Knallbunt &#8211; Die &#8222;Art&#8220; zu leben&#8220;. Bereits am 15.09.2013 wird es unter diesem Motto eine kleine Vor-Ausstellung (siehe auch <a title=\"Hier\" href=\"http:\/\/www.sonjasuss-kunstgalerie.de\/?p=159\" target=\"_blank\">hier<\/a>) geben.<\/p>\n<p><!--more--><\/p>\n<p>Zum ersten Mal habe ich die Gelegenheit bekommen, nun endlich auch einmal in M\u00fchlhausen ausstellen zu d\u00fcrfen. Die n\u00e4chsten 2 Monate findet Ihr meine Bilder im \u00c4rztezentrum in der Damaschkestra\u00dfe 8.<\/p>\n<p>Da auf vielen meiner Bilder eher Motive f\u00fcr Kinderzimmer zu sehen sind, freut es mich besonders, dass die Idee zu meiner Ausstellung von Kinder- und Jugendarzt\u00a0 Dr. med. Wolfgang Karmrodt kam. An dieser Stelle auch meinen herzlichen Dank an Ihn.<\/p>\n<p>\u00dcber einen Besuch meiner Ausstellung w\u00fcrde ich mich sehr freuen. Die \u00d6ffnungszeiten der Praxis- bzw. Ausstellungsr\u00e4ume findet Ihr <a title=\"Hier\" href=\"http:\/\/www.kinderaerzteimnetz.de\/aerzte\/arzt_527.html\" target=\"_blank\">hier.<\/a><\/p>\n","protected":false},"excerpt":{"rendered":"<p>Ab dem 16.09.2013 er\u00f6ffnet meine neue Ausstellung unter dem Motto &#8222;Knallbunt &#8211; Die &#8222;Art&#8220; zu leben&#8220;. Bereits am 15.09.2013 wird es unter diesem Motto eine kleine Vor-Ausstellung (siehe auch hier) geben.<\/p>\n","protected":false},"author":2,"featured_media":0,"comment_status":"open","ping_status":"open","sticky":false,"template":"","format":"standard","meta":{"ngg_post_thumbnail":0,"footnotes":""},"categories":[2],"tags":[],"class_list":["post-174","post","type-post","status-publish","format-standard","hentry","category-ausstellungen"],"_links":{"self":[{"href":"https:\/\/www.sonjasuss-kunstgalerie.de\/index.php?rest_route=\/wp\/v2\/posts\/174","targetHints":{"allow":["GET"]}}],"collection":[{"href":"https:\/\/www.sonjasuss-kunstgalerie.de\/index.php?rest_route=\/wp\/v2\/posts"}],"about":[{"href":"https:\/\/www.sonjasuss-kunstgalerie.de\/index.php?rest_route=\/wp\/v2\/types\/post"}],"author":[{"embeddable":true,"href":"https:\/\/www.sonjasuss-kunstgalerie.de\/index.php?rest_route=\/wp\/v2\/users\/2"}],"replies":[{"embeddable":true,"href":"https:\/\/www.sonjasuss-kunstgalerie.de\/index.php?rest_route=%2Fwp%2Fv2%2Fcomments&post=174"}],"version-history":[{"count":7,"href":"https:\/\/www.sonjasuss-kunstgalerie.de\/index.php?rest_route=\/wp\/v2\/posts\/174\/revisions"}],"predecessor-version":[{"id":181,"href":"https:\/\/www.sonjasuss-kunstgalerie.de\/index.php?rest_route=\/wp\/v2\/posts\/174\/revisions\/181"}],"wp:attachment":[{"href":"https:\/\/www.sonjasuss-kunstgalerie.de\/index.php?rest_route=%2Fwp%2Fv2%2Fmedia&parent=174"}],"wp:term":[{"taxonomy":"category","embeddable":true,"href":"https:\/\/www.sonjasuss-kunstgalerie.de\/index.php?rest_route=%2Fwp%2Fv2%2Fcategories&post=174"},{"taxonomy":"post_tag","embeddable":true,"href":"https:\/\/www.sonjasuss-kunstgalerie.de\/index.php?rest_route=%2Fwp%2Fv2%2Ftags&post=174"}],"curies":[{"name":"wp","href":"https:\/\/api.w.org\/{rel}","templated":true}]}}