{"id":359,"date":"2015-05-24T14:49:48","date_gmt":"2015-05-24T12:49:48","guid":{"rendered":"http:\/\/www.sonjasuss-kunstgalerie.de\/?p=359"},"modified":"2015-05-24T14:49:48","modified_gmt":"2015-05-24T12:49:48","slug":"seit-laengerem-mal-wieder-ein-neues-bild","status":"publish","type":"post","link":"http:\/\/www.sonjasuss-kunstgalerie.de\/?p=359","title":{"rendered":"Seit l\u00e4ngerem mal wieder ein neues Bild"},"content":{"rendered":"<p>Die Idee zu diesem Bild bekam ich w\u00e4hrend meines Kunstunterrichtes als eines meiner Sch\u00fcler einen Pfau malte und mich bat auch mal einen zu malen.<\/p>\n<p>Dazu habe ich dann wieder \u00fcber FaceBook eine Titelsuche gestartet, da dass bisher immer sehr gut funktionierte. Wie immer gab es zahlreiche Vorschl\u00e4ge, wof\u00fcr ich mich an dieser Stelle auch nochmals bedanken m\u00f6chte.<\/p>\n<p>Dieses Mal habe ich mich f\u00fcr einen Mix aus 3 Vorschl\u00e4gen entschieden.<\/p>\n<p>Das Ergebnis: &#8222;Pf(rau) Singuin &#8211; colored melodie bird&#8220;<\/p>\nngg_shortcode_0_placeholder\n<p>Mein Dank geht an: Sandra Knabe aus M\u00fchlhausen, Papa Punk aus M\u00fchlhausen und Diane Janzen aus Menteroda.<\/p>\n","protected":false},"excerpt":{"rendered":"<p>Die Idee zu diesem Bild bekam ich w\u00e4hrend meines Kunstunterrichtes als eines meiner Sch\u00fcler einen Pfau malte und mich bat auch mal einen zu malen. Dazu habe ich dann wieder \u00fcber FaceBook eine Titelsuche gestartet, da dass bisher immer sehr gut funktionierte. Wie immer gab es zahlreiche Vorschl\u00e4ge, wof\u00fcr ich mich an dieser Stelle auch [&hellip;]<\/p>\n","protected":false},"author":2,"featured_media":0,"comment_status":"open","ping_status":"open","sticky":false,"template":"","format":"standard","meta":{"ngg_post_thumbnail":0,"footnotes":""},"categories":[8],"tags":[],"class_list":["post-359","post","type-post","status-publish","format-standard","hentry","category-gemaelde"],"_links":{"self":[{"href":"http:\/\/www.sonjasuss-kunstgalerie.de\/index.php?rest_route=\/wp\/v2\/posts\/359","targetHints":{"allow":["GET"]}}],"collection":[{"href":"http:\/\/www.sonjasuss-kunstgalerie.de\/index.php?rest_route=\/wp\/v2\/posts"}],"about":[{"href":"http:\/\/www.sonjasuss-kunstgalerie.de\/index.php?rest_route=\/wp\/v2\/types\/post"}],"author":[{"embeddable":true,"href":"http:\/\/www.sonjasuss-kunstgalerie.de\/index.php?rest_route=\/wp\/v2\/users\/2"}],"replies":[{"embeddable":true,"href":"http:\/\/www.sonjasuss-kunstgalerie.de\/index.php?rest_route=%2Fwp%2Fv2%2Fcomments&post=359"}],"version-history":[{"count":1,"href":"http:\/\/www.sonjasuss-kunstgalerie.de\/index.php?rest_route=\/wp\/v2\/posts\/359\/revisions"}],"predecessor-version":[{"id":360,"href":"http:\/\/www.sonjasuss-kunstgalerie.de\/index.php?rest_route=\/wp\/v2\/posts\/359\/revisions\/360"}],"wp:attachment":[{"href":"http:\/\/www.sonjasuss-kunstgalerie.de\/index.php?rest_route=%2Fwp%2Fv2%2Fmedia&parent=359"}],"wp:term":[{"taxonomy":"category","embeddable":true,"href":"http:\/\/www.sonjasuss-kunstgalerie.de\/index.php?rest_route=%2Fwp%2Fv2%2Fcategories&post=359"},{"taxonomy":"post_tag","embeddable":true,"href":"http:\/\/www.sonjasuss-kunstgalerie.de\/index.php?rest_route=%2Fwp%2Fv2%2Ftags&post=359"}],"curies":[{"name":"wp","href":"https:\/\/api.w.org\/{rel}","templated":true}]}}